{"id":10104,"date":"2022-01-26T17:39:39","date_gmt":"2022-01-26T16:39:39","guid":{"rendered":"https:\/\/cgtcantabria.org\/wp\/?p=10104"},"modified":"2022-01-26T17:39:39","modified_gmt":"2022-01-26T16:39:39","slug":"formacion-3-febrero-reforma-laboral-todo-igual","status":"publish","type":"post","link":"https:\/\/cgtcantabria.org\/wp\/?p=10104","title":{"rendered":"Formaci\u00f3n 3 febrero: Reforma Laboral, \u00bftodo igual?"},"content":{"rendered":"<p><a href=\"https:\/\/cgtcantabria.org\/wp\/wp-content\/uploads\/2022\/01\/Reforma-laboral-Todo-igual-scaled.jpg\"><img loading=\"lazy\" decoding=\"async\" class=\"alignnone size-medium wp-image-10105\" src=\"https:\/\/cgtcantabria.org\/wp\/wp-content\/uploads\/2022\/01\/Reforma-laboral-Todo-igual-212x300.jpg\" alt=\"\" width=\"212\" height=\"300\" srcset=\"https:\/\/cgtcantabria.org\/wp\/wp-content\/uploads\/2022\/01\/Reforma-laboral-Todo-igual-212x300.jpg 212w, https:\/\/cgtcantabria.org\/wp\/wp-content\/uploads\/2022\/01\/Reforma-laboral-Todo-igual-724x1024.jpg 724w, https:\/\/cgtcantabria.org\/wp\/wp-content\/uploads\/2022\/01\/Reforma-laboral-Todo-igual-768x1086.jpg 768w, https:\/\/cgtcantabria.org\/wp\/wp-content\/uploads\/2022\/01\/Reforma-laboral-Todo-igual-1086x1536.jpg 1086w, https:\/\/cgtcantabria.org\/wp\/wp-content\/uploads\/2022\/01\/Reforma-laboral-Todo-igual-1448x2048.jpg 1448w, https:\/\/cgtcantabria.org\/wp\/wp-content\/uploads\/2022\/01\/Reforma-laboral-Todo-igual-scaled.jpg 1810w\" sizes=\"auto, (max-width: 212px) 100vw, 212px\" \/><\/a><\/p>\n<p>Empezamos 2022 con fuerza. Desde la Secretar\u00eda de Formaci\u00f3n queremos presentaros una sesi\u00f3n sobre\u00a0\u00a0<strong>La nueva Reforma Laboral y sus efectos sobre la clase obrera y que llevar\u00e1 por t\u00edtulo \u201cla Reforma Laboral, \u00bftodo igual?\u201d\u00a0<\/strong>que se desarrollar\u00e1 el pr\u00f3ximo d\u00eda 3 de febrero en horario de tarde (de 16 a 20 horas) en dos mesas formativas.<\/p>\n<p>La primera, que lleva por nombre\u00a0<strong>CGT ante la nueva Reforma Laboral. Claves para la acci\u00f3n sindical,<\/strong>\u00a0contar\u00e1 con la participaci\u00f3n de Jos\u00e9 Manuel Mu\u00f1oz Poliz y Francisco Tom\u00e1s Rodr\u00edguez Guerrero, que abordar\u00e1n la cuesti\u00f3n desde un punto de vista sindical. En la segunda charla,\u00a0 abordaremos los<strong>\u00a0Principales aspectos de la Reforma Laboral.<\/strong>\u00a0Para ello contaremos con compa\u00f1erxs del Gabinete Jur\u00eddico Confederal, que nos explicar\u00e1n todos los efectos que la nueva reforma laboral va a tener en materia judicial.<\/p>\n<p>Estamos ante uno de los momentos m\u00e1s cr\u00edticos para la clase trabajadora de las \u00faltimas d\u00e9cadas. Despu\u00e9s de la \u201ccrisis estafa\u201d de 2008, que pagamos los y las de siempre, ahora se prepara la \u201crecuperaci\u00f3n estafa\u201d tras los efectos de la COVID 19. Atr\u00e1s quedaron las promesas electorales de quienes se erig\u00edan como el gobierno m\u00e1s progresista de la historia. De las reformas de Zapatero y Rajoy no se ha eliminado apenas nada. De hecho, se ha conservado lo m\u00e1s nocivo, y en esta \u00faltima reforma incluso se han introducido nuevas amenazas que es preciso conocer lo antes posible para que podamos defendernos y para trasladar a compa\u00f1eros y compa\u00f1eras cu\u00e1les son los peligros que se avecinan si seguimos cruzados de brazos. Del pensamiento a la acci\u00f3n, estas jornadas formativas tambi\u00e9n pretenden ser un acicate que contribuya a una mayor presencia de la CGT en las calles. La lucha sigue. La lucha es el \u00fanico camino.<\/p>\n<p>Hasta d\u00f3nde llega el supuesto avance en la lucha contra la temporalidad de la nueva reforma, qu\u00e9 tipos de contrato siguen en vigor y cu\u00e1les son los nuevos disponibles, qu\u00e9 fue de la promesa de recuperar salarios de tramitaci\u00f3n e indemnizaciones, qu\u00e9 son los ERTE estructurales, cu\u00e1l es el valor real de un contrato indefinido tras la reforma\u2026Todos estos temas y muchos m\u00e1s los abordaremos el<strong>\u00a0jueves<\/strong>\u00a0<strong>3 de febrero tanto de forma presencial (con aforo limitado) como por v\u00eda streaming desde las 16:00.\u00a0<\/strong><\/p>\n<p>Si quieres\u00a0<strong>asistir presencialmente, ap\u00fantate<\/strong>\u00a0a trav\u00e9s de este<strong>\u00a0formulario:\u00a0<\/strong><a href=\"https:\/\/forms.gle\/ensrbkWEDFG3J2Lx6\" target=\"_blank\" rel=\"noopener\" data-saferedirecturl=\"https:\/\/www.google.com\/url?q=https:\/\/forms.gle\/ensrbkWEDFG3J2Lx6&amp;source=gmail&amp;ust=1643223791088000&amp;usg=AOvVaw192AUrDvm2uU1d-UNcwSfS\">https:\/\/forms.gle\/<wbr \/>ensrbkWEDFG3J2Lx6<\/a><\/p>\n<p>Recuerda que por temas derivados de la pandemia el aforo ser\u00e1 limitado.<\/p>\n<p>Y si quieres asistir de forma online, estos son los\u00a0<strong>enlaces al streaming:<\/strong><\/p>\n<ul>\n<li>Primera mesa, 16:00 horas:\u00a0<a href=\"https:\/\/youtu.be\/guu-Q5KqO8U\" target=\"_blank\" rel=\"noopener\" data-saferedirecturl=\"https:\/\/www.google.com\/url?q=https:\/\/youtu.be\/guu-Q5KqO8U&amp;source=gmail&amp;ust=1643223791088000&amp;usg=AOvVaw1QoDlDXO_ZBfUI8X7SaDgb\">https:\/\/youtu.be\/guu-Q5KqO8U<\/a><\/li>\n<li>Segunda mesa, 17.30 horas:\u00a0<a href=\"https:\/\/youtu.be\/4OMNRGzC3eo\" target=\"_blank\" rel=\"noopener\" data-saferedirecturl=\"https:\/\/www.google.com\/url?q=https:\/\/youtu.be\/4OMNRGzC3eo&amp;source=gmail&amp;ust=1643223791088000&amp;usg=AOvVaw3AUu30R_vsUATE7RoFSowb\">https:\/\/youtu.be\/4OMNRGzC3eo<\/a><\/li>\n<\/ul>\n<p><strong>Adjuntamos el detalle del programa:\u00a0<\/strong><\/p>\n<p><strong>Primera Mesa (16:00 a 17:30 horas). CGT ante la nueva Reforma Laboral. Claves para la acci\u00f3n sindical.\u00a0<\/strong><\/p>\n<ul>\n<li>Jos\u00e9 Manuel Mu\u00f1oz P\u00f3liz, Secretario General de la CGT<\/li>\n<li>Tom\u00e1s Rodr\u00edguez, Secretario de Acci\u00f3n Sindical de la CGT<\/li>\n<li>Streaming:\u00a0<a href=\"https:\/\/youtu.be\/guu-Q5KqO8U\" target=\"_blank\" rel=\"noopener\" data-saferedirecturl=\"https:\/\/www.google.com\/url?q=https:\/\/youtu.be\/guu-Q5KqO8U&amp;source=gmail&amp;ust=1643223791088000&amp;usg=AOvVaw1QoDlDXO_ZBfUI8X7SaDgb\">https:\/\/youtu.be\/guu-Q5KqO8U<\/a><\/li>\n<\/ul>\n<p><strong>Segunda mesa. (17:30 a 20 horas) Principales aspectos de la Reforma Laboral.\u00a0<\/strong><\/p>\n<ul>\n<li>Gabinete Jur\u00eddico Confederal<\/li>\n<li>Silvia Arribas (abogada)<\/li>\n<li>Ra\u00fal Maillo (abogado)<\/li>\n<li>Coral Gimeno Presa (abogada)<\/li>\n<li>Miguel \u00c1ngel Garrido (abogado)<\/li>\n<li>Streaming:\u00a0<a href=\"https:\/\/youtu.be\/4OMNRGzC3eo\" target=\"_blank\" rel=\"noopener\" data-saferedirecturl=\"https:\/\/www.google.com\/url?q=https:\/\/youtu.be\/4OMNRGzC3eo&amp;source=gmail&amp;ust=1643223791088000&amp;usg=AOvVaw3AUu30R_vsUATE7RoFSowb\">https:\/\/youtu.be\/4OMNRGzC3eo<\/a><\/li>\n<\/ul>\n<p>Lugar<\/p>\n<ul>\n<li>Jueves 3 de febrero de 2022<\/li>\n<li>Hora: de 16:00 horas<\/li>\n<li>Facultad de Documentaci\u00f3n de la UCM. Calle de la Sant\u00edsima Trinidad, 28010 Madrid. Metro Alonso Cano y Canal<\/li>\n<li>Inscr\u00edbete en el siguiente enlace para acudir presencialmente:<\/li>\n<li><a href=\"https:\/\/us02web.zoom.us\/webinar\/register\/WN_Kr5IkwIbTQiWEp1AI6uKUQ\" target=\"_blank\" rel=\"noopener\" data-saferedirecturl=\"https:\/\/www.google.com\/url?q=https:\/\/us02web.zoom.us\/webinar\/register\/WN_Kr5IkwIbTQiWEp1AI6uKUQ&amp;source=gmail&amp;ust=1643223791088000&amp;usg=AOvVaw2WgerABr9yoxGe_CmaG_em\">https:\/\/us02web.zoom.us\/<wbr \/>webinar\/register\/WN_<wbr \/>Kr5IkwIbTQiWEp1AI6uKUQ<\/a><\/li>\n<\/ul>\n<p>&nbsp;<\/p>\n","protected":false},"excerpt":{"rendered":"<p>Empezamos 2022 con fuerza. Desde la Secretar\u00eda de Formaci\u00f3n queremos presentaros una sesi\u00f3n sobre\u00a0\u00a0La nueva Reforma Laboral y sus efectos sobre la clase obrera y que llevar\u00e1 por t\u00edtulo \u201cla Reforma Laboral, \u00bftodo igual?\u201d\u00a0que se desarrollar\u00e1 el pr\u00f3ximo d\u00eda 3 &hellip; <a href=\"https:\/\/cgtcantabria.org\/wp\/?p=10104\">Sigue leyendo <span class=\"meta-nav\">&rarr;<\/span><\/a><\/p>\n","protected":false},"author":19,"featured_media":0,"comment_status":"closed","ping_status":"closed","sticky":false,"template":"","format":"standard","meta":{"footnotes":""},"categories":[57,14],"tags":[],"class_list":["post-10104","post","type-post","status-publish","format-standard","hentry","category-cursos","category-formacion"],"_links":{"self":[{"href":"https:\/\/cgtcantabria.org\/wp\/index.php?rest_route=\/wp\/v2\/posts\/10104","targetHints":{"allow":["GET"]}}],"collection":[{"href":"https:\/\/cgtcantabria.org\/wp\/index.php?rest_route=\/wp\/v2\/posts"}],"about":[{"href":"https:\/\/cgtcantabria.org\/wp\/index.php?rest_route=\/wp\/v2\/types\/post"}],"author":[{"embeddable":true,"href":"https:\/\/cgtcantabria.org\/wp\/index.php?rest_route=\/wp\/v2\/users\/19"}],"replies":[{"embeddable":true,"href":"https:\/\/cgtcantabria.org\/wp\/index.php?rest_route=%2Fwp%2Fv2%2Fcomments&post=10104"}],"version-history":[{"count":1,"href":"https:\/\/cgtcantabria.org\/wp\/index.php?rest_route=\/wp\/v2\/posts\/10104\/revisions"}],"predecessor-version":[{"id":10106,"href":"https:\/\/cgtcantabria.org\/wp\/index.php?rest_route=\/wp\/v2\/posts\/10104\/revisions\/10106"}],"wp:attachment":[{"href":"https:\/\/cgtcantabria.org\/wp\/index.php?rest_route=%2Fwp%2Fv2%2Fmedia&parent=10104"}],"wp:term":[{"taxonomy":"category","embeddable":true,"href":"https:\/\/cgtcantabria.org\/wp\/index.php?rest_route=%2Fwp%2Fv2%2Fcategories&post=10104"},{"taxonomy":"post_tag","embeddable":true,"href":"https:\/\/cgtcantabria.org\/wp\/index.php?rest_route=%2Fwp%2Fv2%2Ftags&post=10104"}],"curies":[{"name":"wp","href":"https:\/\/api.w.org\/{rel}","templated":true}]}}