{"id":10107,"date":"2022-01-30T20:28:24","date_gmt":"2022-01-30T19:28:24","guid":{"rendered":"https:\/\/cgtcantabria.org\/wp\/?p=10107"},"modified":"2022-01-30T20:30:09","modified_gmt":"2022-01-30T19:30:09","slug":"convocatoria-del-v-certamen-de-poesia-mujer-voz-y-lucha","status":"publish","type":"post","link":"https:\/\/cgtcantabria.org\/wp\/?p=10107","title":{"rendered":"Convocatoria del V Certamen de Poes\u00eda Mujer, Voz y Lucha"},"content":{"rendered":"<h3>Desde la Secretar\u00eda de la Mujer de CGT Castilla y Le\u00f3n, convocan este certamen para seguir visibilizando las desigualdades y las luchas que mantenemos las mujeres desde siempre y que, lamentablemente, poco han variado con el paso del tiempo.<\/h3>\n<h3>Cuando las luchas adem\u00e1s son poes\u00eda, el resultado puede ser muy muy potente, \u00bfno cre\u00e9is? Os animamos a participar y promocionar este certamen a toda persona interesada, sea o no afiliada. Os dejamos las bases del certamen y cartel.<\/h3>\n<h3>Salud!<\/h3>\n<h3><a href=\"https:\/\/cgtcantabria.org\/wp\/wp-content\/uploads\/2022\/01\/V-CERTAMEN-DE-POESIA-bases.pdf\">V CERTAMEN DE POES\u00cdA bases<\/a><\/h3>\n<p>&nbsp;<\/p>\n<p><a href=\"https:\/\/cgtcantabria.org\/wp\/wp-content\/uploads\/2022\/01\/V-Certamen-Poesia-feminista-cartel_page-0001.jpg\"><img loading=\"lazy\" decoding=\"async\" class=\"size-medium wp-image-10110 alignleft\" src=\"https:\/\/cgtcantabria.org\/wp\/wp-content\/uploads\/2022\/01\/V-Certamen-Poesia-feminista-cartel_page-0001-212x300.jpg\" alt=\"\" width=\"212\" height=\"300\" srcset=\"https:\/\/cgtcantabria.org\/wp\/wp-content\/uploads\/2022\/01\/V-Certamen-Poesia-feminista-cartel_page-0001-212x300.jpg 212w, https:\/\/cgtcantabria.org\/wp\/wp-content\/uploads\/2022\/01\/V-Certamen-Poesia-feminista-cartel_page-0001-724x1024.jpg 724w, https:\/\/cgtcantabria.org\/wp\/wp-content\/uploads\/2022\/01\/V-Certamen-Poesia-feminista-cartel_page-0001-768x1087.jpg 768w, https:\/\/cgtcantabria.org\/wp\/wp-content\/uploads\/2022\/01\/V-Certamen-Poesia-feminista-cartel_page-0001-1085x1536.jpg 1085w, https:\/\/cgtcantabria.org\/wp\/wp-content\/uploads\/2022\/01\/V-Certamen-Poesia-feminista-cartel_page-0001.jpg 1240w\" sizes=\"auto, (max-width: 212px) 100vw, 212px\" \/><\/a><\/p>\n<h3><\/h3>\n","protected":false},"excerpt":{"rendered":"<p>Desde la Secretar\u00eda de la Mujer de CGT Castilla y Le\u00f3n, convocan este certamen para seguir visibilizando las desigualdades y las luchas que mantenemos las mujeres desde siempre y que, lamentablemente, poco han variado con el paso del tiempo. Cuando &hellip; <a href=\"https:\/\/cgtcantabria.org\/wp\/?p=10107\">Sigue leyendo <span class=\"meta-nav\">&rarr;<\/span><\/a><\/p>\n","protected":false},"author":19,"featured_media":0,"comment_status":"closed","ping_status":"closed","sticky":false,"template":"","format":"standard","meta":{"footnotes":""},"categories":[45,17],"tags":[],"class_list":["post-10107","post","type-post","status-publish","format-standard","hentry","category-feminismo","category-mujer"],"_links":{"self":[{"href":"https:\/\/cgtcantabria.org\/wp\/index.php?rest_route=\/wp\/v2\/posts\/10107","targetHints":{"allow":["GET"]}}],"collection":[{"href":"https:\/\/cgtcantabria.org\/wp\/index.php?rest_route=\/wp\/v2\/posts"}],"about":[{"href":"https:\/\/cgtcantabria.org\/wp\/index.php?rest_route=\/wp\/v2\/types\/post"}],"author":[{"embeddable":true,"href":"https:\/\/cgtcantabria.org\/wp\/index.php?rest_route=\/wp\/v2\/users\/19"}],"replies":[{"embeddable":true,"href":"https:\/\/cgtcantabria.org\/wp\/index.php?rest_route=%2Fwp%2Fv2%2Fcomments&post=10107"}],"version-history":[{"count":2,"href":"https:\/\/cgtcantabria.org\/wp\/index.php?rest_route=\/wp\/v2\/posts\/10107\/revisions"}],"predecessor-version":[{"id":10112,"href":"https:\/\/cgtcantabria.org\/wp\/index.php?rest_route=\/wp\/v2\/posts\/10107\/revisions\/10112"}],"wp:attachment":[{"href":"https:\/\/cgtcantabria.org\/wp\/index.php?rest_route=%2Fwp%2Fv2%2Fmedia&parent=10107"}],"wp:term":[{"taxonomy":"category","embeddable":true,"href":"https:\/\/cgtcantabria.org\/wp\/index.php?rest_route=%2Fwp%2Fv2%2Fcategories&post=10107"},{"taxonomy":"post_tag","embeddable":true,"href":"https:\/\/cgtcantabria.org\/wp\/index.php?rest_route=%2Fwp%2Fv2%2Ftags&post=10107"}],"curies":[{"name":"wp","href":"https:\/\/api.w.org\/{rel}","templated":true}]}}