{"id":10184,"date":"2022-03-22T18:03:51","date_gmt":"2022-03-22T17:03:51","guid":{"rendered":"https:\/\/cgtcantabria.org\/wp\/?p=10184"},"modified":"2022-03-22T18:03:51","modified_gmt":"2022-03-22T17:03:51","slug":"en-defensa-de-la-sanidad-publica-manifestacion-%f0%9f%93%85sabado-26-de-marzo","status":"publish","type":"post","link":"https:\/\/cgtcantabria.org\/wp\/?p=10184","title":{"rendered":"EN DEFENSA DE LA SANIDAD P\u00daBLICA. MANIFESTACI\u00d3N \ud83d\udcc5SABADO 26 DE MARZO"},"content":{"rendered":"<p>EN DEFENSA DE LA SANIDAD P\u00daBLICA.<a href=\"https:\/\/cgtcantabria.org\/wp\/wp-content\/uploads\/2022\/03\/sanidad26..jpg\"><img loading=\"lazy\" decoding=\"async\" class=\"size-medium wp-image-10185 alignright\" src=\"https:\/\/cgtcantabria.org\/wp\/wp-content\/uploads\/2022\/03\/sanidad26.-214x300.jpg\" alt=\"\" width=\"214\" height=\"300\" srcset=\"https:\/\/cgtcantabria.org\/wp\/wp-content\/uploads\/2022\/03\/sanidad26.-214x300.jpg 214w, https:\/\/cgtcantabria.org\/wp\/wp-content\/uploads\/2022\/03\/sanidad26.-732x1024.jpg 732w, https:\/\/cgtcantabria.org\/wp\/wp-content\/uploads\/2022\/03\/sanidad26.-768x1075.jpg 768w, https:\/\/cgtcantabria.org\/wp\/wp-content\/uploads\/2022\/03\/sanidad26.-1097x1536.jpg 1097w, https:\/\/cgtcantabria.org\/wp\/wp-content\/uploads\/2022\/03\/sanidad26..jpg 1143w\" sizes=\"auto, (max-width: 214px) 100vw, 214px\" \/><\/a><br \/>\nMANIFESTACI\u00d3N<br \/>\n\ud83d\udcc5SABADO 26 DE MARZO<br \/>\n\u23f212:00H<br \/>\nDE CUATRO CAMINOS AL AYUNTAMIENTO DE SANTANDER<br \/>\nDesde la CGT estaremos apoyando la manifestaci\u00f3n en defensa de una sanidad p\u00fablica universal y gratuita.<br \/>\nQUEREMOS atenci\u00f3n presencial en los centros de salud<br \/>\nQUEREMOS contrataci\u00f3n de personal sanitario suficiente<br \/>\nREAPERTURA de todos los consultorios existentes<br \/>\nELIMINACI\u00d3N de las listas de espera<br \/>\nQUEREMOS financiaci\u00f3n suficiente para la ley autonom\u00eda y dependencia<br \/>\nNO A LOS RECORTES NO A LA PRIVATIZACION<a href=\"https:\/\/cgtcantabria.org\/wp\/wp-content\/uploads\/2022\/03\/cas26..jpg\"><img loading=\"lazy\" decoding=\"async\" class=\"size-medium wp-image-10186 alignright\" src=\"https:\/\/cgtcantabria.org\/wp\/wp-content\/uploads\/2022\/03\/cas26.-212x300.jpg\" alt=\"\" width=\"212\" height=\"300\" srcset=\"https:\/\/cgtcantabria.org\/wp\/wp-content\/uploads\/2022\/03\/cas26.-212x300.jpg 212w, https:\/\/cgtcantabria.org\/wp\/wp-content\/uploads\/2022\/03\/cas26..jpg 724w\" sizes=\"auto, (max-width: 212px) 100vw, 212px\" \/><\/a><\/p>\n","protected":false},"excerpt":{"rendered":"<p>EN DEFENSA DE LA SANIDAD P\u00daBLICA. MANIFESTACI\u00d3N \ud83d\udcc5SABADO 26 DE MARZO \u23f212:00H DE CUATRO CAMINOS AL AYUNTAMIENTO DE SANTANDER Desde la CGT estaremos apoyando la manifestaci\u00f3n en defensa de una sanidad p\u00fablica universal y gratuita. QUEREMOS atenci\u00f3n presencial en los &hellip; <a href=\"https:\/\/cgtcantabria.org\/wp\/?p=10184\">Sigue leyendo <span class=\"meta-nav\">&rarr;<\/span><\/a><\/p>\n","protected":false},"author":19,"featured_media":0,"comment_status":"closed","ping_status":"closed","sticky":false,"template":"","format":"standard","meta":{"footnotes":""},"categories":[7],"tags":[],"class_list":["post-10184","post","type-post","status-publish","format-standard","hentry","category-movilizaciones"],"_links":{"self":[{"href":"https:\/\/cgtcantabria.org\/wp\/index.php?rest_route=\/wp\/v2\/posts\/10184","targetHints":{"allow":["GET"]}}],"collection":[{"href":"https:\/\/cgtcantabria.org\/wp\/index.php?rest_route=\/wp\/v2\/posts"}],"about":[{"href":"https:\/\/cgtcantabria.org\/wp\/index.php?rest_route=\/wp\/v2\/types\/post"}],"author":[{"embeddable":true,"href":"https:\/\/cgtcantabria.org\/wp\/index.php?rest_route=\/wp\/v2\/users\/19"}],"replies":[{"embeddable":true,"href":"https:\/\/cgtcantabria.org\/wp\/index.php?rest_route=%2Fwp%2Fv2%2Fcomments&post=10184"}],"version-history":[{"count":1,"href":"https:\/\/cgtcantabria.org\/wp\/index.php?rest_route=\/wp\/v2\/posts\/10184\/revisions"}],"predecessor-version":[{"id":10187,"href":"https:\/\/cgtcantabria.org\/wp\/index.php?rest_route=\/wp\/v2\/posts\/10184\/revisions\/10187"}],"wp:attachment":[{"href":"https:\/\/cgtcantabria.org\/wp\/index.php?rest_route=%2Fwp%2Fv2%2Fmedia&parent=10184"}],"wp:term":[{"taxonomy":"category","embeddable":true,"href":"https:\/\/cgtcantabria.org\/wp\/index.php?rest_route=%2Fwp%2Fv2%2Fcategories&post=10184"},{"taxonomy":"post_tag","embeddable":true,"href":"https:\/\/cgtcantabria.org\/wp\/index.php?rest_route=%2Fwp%2Fv2%2Ftags&post=10184"}],"curies":[{"name":"wp","href":"https:\/\/api.w.org\/{rel}","templated":true}]}}