{"id":10309,"date":"2022-06-22T16:44:38","date_gmt":"2022-06-22T15:44:38","guid":{"rendered":"https:\/\/cgtcantabria.org\/wp\/?p=10309"},"modified":"2022-06-22T16:44:38","modified_gmt":"2022-06-22T15:44:38","slug":"proyeccion-del-documental-rajaa-jueves-23-y-viernes-24","status":"publish","type":"post","link":"https:\/\/cgtcantabria.org\/wp\/?p=10309","title":{"rendered":"Proyecci\u00f3n del documental Raja\u00e1 Jueves 23 y viernes 24"},"content":{"rendered":"<p>JUEVES 23 DE JUNIO: Sal\u00f3n de actos del IES Santa Clara. Santander\u00a0 19:00h.<\/p>\n<p><a href=\"https:\/\/cgtcantabria.org\/wp\/wp-content\/uploads\/2022\/06\/WhatsApp-Image-2022-06-20-at-10.54.07-AM-1.jpeg\"><img loading=\"lazy\" decoding=\"async\" class=\"alignnone size-medium wp-image-10310\" src=\"https:\/\/cgtcantabria.org\/wp\/wp-content\/uploads\/2022\/06\/WhatsApp-Image-2022-06-20-at-10.54.07-AM-1-228x300.jpeg\" alt=\"\" width=\"228\" height=\"300\" srcset=\"https:\/\/cgtcantabria.org\/wp\/wp-content\/uploads\/2022\/06\/WhatsApp-Image-2022-06-20-at-10.54.07-AM-1-228x300.jpeg 228w, https:\/\/cgtcantabria.org\/wp\/wp-content\/uploads\/2022\/06\/WhatsApp-Image-2022-06-20-at-10.54.07-AM-1-780x1024.jpeg 780w, https:\/\/cgtcantabria.org\/wp\/wp-content\/uploads\/2022\/06\/WhatsApp-Image-2022-06-20-at-10.54.07-AM-1-768x1009.jpeg 768w, https:\/\/cgtcantabria.org\/wp\/wp-content\/uploads\/2022\/06\/WhatsApp-Image-2022-06-20-at-10.54.07-AM-1-1169x1536.jpeg 1169w, https:\/\/cgtcantabria.org\/wp\/wp-content\/uploads\/2022\/06\/WhatsApp-Image-2022-06-20-at-10.54.07-AM-1.jpeg 1559w\" sizes=\"auto, (max-width: 228px) 100vw, 228px\" \/><\/a><\/p>\n<p>VIERNES 24 DE JUNIO: IES Ataulfo Argenta, Castro Urdiales 19:00h<\/p>\n<p><a href=\"https:\/\/cgtcantabria.org\/wp\/wp-content\/uploads\/2022\/06\/WhatsApp-Image-2022-06-20-at-10.39.10-AM.jpeg\"><img loading=\"lazy\" decoding=\"async\" class=\"alignnone size-medium wp-image-10311\" src=\"https:\/\/cgtcantabria.org\/wp\/wp-content\/uploads\/2022\/06\/WhatsApp-Image-2022-06-20-at-10.39.10-AM-227x300.jpeg\" alt=\"\" width=\"227\" height=\"300\" srcset=\"https:\/\/cgtcantabria.org\/wp\/wp-content\/uploads\/2022\/06\/WhatsApp-Image-2022-06-20-at-10.39.10-AM-227x300.jpeg 227w, https:\/\/cgtcantabria.org\/wp\/wp-content\/uploads\/2022\/06\/WhatsApp-Image-2022-06-20-at-10.39.10-AM-775x1024.jpeg 775w, https:\/\/cgtcantabria.org\/wp\/wp-content\/uploads\/2022\/06\/WhatsApp-Image-2022-06-20-at-10.39.10-AM-768x1015.jpeg 768w, https:\/\/cgtcantabria.org\/wp\/wp-content\/uploads\/2022\/06\/WhatsApp-Image-2022-06-20-at-10.39.10-AM-1162x1536.jpeg 1162w, https:\/\/cgtcantabria.org\/wp\/wp-content\/uploads\/2022\/06\/WhatsApp-Image-2022-06-20-at-10.39.10-AM.jpeg 1549w\" sizes=\"auto, (max-width: 227px) 100vw, 227px\" \/><\/a><\/p>\n<p>Organiza: Comit\u00e9 interpueblos y las sin sombrero<\/p>\n","protected":false},"excerpt":{"rendered":"<p>JUEVES 23 DE JUNIO: Sal\u00f3n de actos del IES Santa Clara. Santander\u00a0 19:00h. VIERNES 24 DE JUNIO: IES Ataulfo Argenta, Castro Urdiales 19:00h Organiza: Comit\u00e9 interpueblos y las sin sombrero<\/p>\n","protected":false},"author":19,"featured_media":0,"comment_status":"closed","ping_status":"closed","sticky":false,"template":"","format":"standard","meta":{"footnotes":""},"categories":[16],"tags":[],"class_list":["post-10309","post","type-post","status-publish","format-standard","hentry","category-accion-social"],"_links":{"self":[{"href":"https:\/\/cgtcantabria.org\/wp\/index.php?rest_route=\/wp\/v2\/posts\/10309","targetHints":{"allow":["GET"]}}],"collection":[{"href":"https:\/\/cgtcantabria.org\/wp\/index.php?rest_route=\/wp\/v2\/posts"}],"about":[{"href":"https:\/\/cgtcantabria.org\/wp\/index.php?rest_route=\/wp\/v2\/types\/post"}],"author":[{"embeddable":true,"href":"https:\/\/cgtcantabria.org\/wp\/index.php?rest_route=\/wp\/v2\/users\/19"}],"replies":[{"embeddable":true,"href":"https:\/\/cgtcantabria.org\/wp\/index.php?rest_route=%2Fwp%2Fv2%2Fcomments&post=10309"}],"version-history":[{"count":1,"href":"https:\/\/cgtcantabria.org\/wp\/index.php?rest_route=\/wp\/v2\/posts\/10309\/revisions"}],"predecessor-version":[{"id":10312,"href":"https:\/\/cgtcantabria.org\/wp\/index.php?rest_route=\/wp\/v2\/posts\/10309\/revisions\/10312"}],"wp:attachment":[{"href":"https:\/\/cgtcantabria.org\/wp\/index.php?rest_route=%2Fwp%2Fv2%2Fmedia&parent=10309"}],"wp:term":[{"taxonomy":"category","embeddable":true,"href":"https:\/\/cgtcantabria.org\/wp\/index.php?rest_route=%2Fwp%2Fv2%2Fcategories&post=10309"},{"taxonomy":"post_tag","embeddable":true,"href":"https:\/\/cgtcantabria.org\/wp\/index.php?rest_route=%2Fwp%2Fv2%2Ftags&post=10309"}],"curies":[{"name":"wp","href":"https:\/\/api.w.org\/{rel}","templated":true}]}}