{"id":10316,"date":"2022-06-27T08:47:03","date_gmt":"2022-06-27T07:47:03","guid":{"rendered":"https:\/\/cgtcantabria.org\/wp\/?p=10316"},"modified":"2022-06-27T08:49:45","modified_gmt":"2022-06-27T07:49:45","slug":"concentracion-contra-la-cumbre-de-la-otan","status":"publish","type":"post","link":"https:\/\/cgtcantabria.org\/wp\/?p=10316","title":{"rendered":"Concentraci\u00f3n contra la cumbre de la OTAN."},"content":{"rendered":"<p><a href=\"https:\/\/cgtcantabria.org\/wp\/wp-content\/uploads\/2022\/06\/cartel_otan.png\"><img loading=\"lazy\" decoding=\"async\" class=\"size-medium wp-image-10317 alignleft\" src=\"https:\/\/cgtcantabria.org\/wp\/wp-content\/uploads\/2022\/06\/cartel_otan-212x300.png\" alt=\"\" width=\"212\" height=\"300\" srcset=\"https:\/\/cgtcantabria.org\/wp\/wp-content\/uploads\/2022\/06\/cartel_otan-212x300.png 212w, https:\/\/cgtcantabria.org\/wp\/wp-content\/uploads\/2022\/06\/cartel_otan-724x1024.png 724w, https:\/\/cgtcantabria.org\/wp\/wp-content\/uploads\/2022\/06\/cartel_otan-768x1086.png 768w, https:\/\/cgtcantabria.org\/wp\/wp-content\/uploads\/2022\/06\/cartel_otan-1086x1536.png 1086w, https:\/\/cgtcantabria.org\/wp\/wp-content\/uploads\/2022\/06\/cartel_otan.png 1414w\" sizes=\"auto, (max-width: 212px) 100vw, 212px\" \/><\/a>CGT Cantabria junto con otras organizaciones nos concentraremos contra la cumbre de la OTAN. el mi\u00e9rcoles 29 a las 19:00 h. frente a Delegaci\u00f3n del gobierno en Cantabria.<\/p>\n<p>\u00a1No a los se\u00f1ores de la guerra!<\/p>\n<p><span class=\"css-901oao css-16my406 r-poiln3 r-bcqeeo r-qvutc0\">Ning\u00fan ej\u00e9rcito defiende la paz <\/span><span class=\"r-18u37iz\"><a class=\"css-4rbku5 css-18t94o4 css-901oao css-16my406 r-1cvl2hr r-1loqt21 r-poiln3 r-bcqeeo r-qvutc0\" dir=\"ltr\" role=\"link\" href=\"https:\/\/twitter.com\/hashtag\/NoALaOTAN?src=hashtag_click\">#NoALaOTAN<\/a><\/span><\/p>\n<p><a class=\"css-4rbku5 css-18t94o4 css-901oao css-16my406 r-1cvl2hr r-1loqt21 r-poiln3 r-bcqeeo r-1ny4l3l r-1ddef8g r-tjvw6i r-qvutc0\" dir=\"ltr\" role=\"link\" href=\"https:\/\/twitter.com\/hashtag\/NoALasGuerras?src=hashtag_click\">#NoALasGuerras<\/a><\/p>\n","protected":false},"excerpt":{"rendered":"<p>CGT Cantabria junto con otras organizaciones nos concentraremos contra la cumbre de la OTAN. el mi\u00e9rcoles 29 a las 19:00 h. frente a Delegaci\u00f3n del gobierno en Cantabria. \u00a1No a los se\u00f1ores de la guerra! Ning\u00fan ej\u00e9rcito defiende la paz &hellip; <a href=\"https:\/\/cgtcantabria.org\/wp\/?p=10316\">Sigue leyendo <span class=\"meta-nav\">&rarr;<\/span><\/a><\/p>\n","protected":false},"author":19,"featured_media":0,"comment_status":"closed","ping_status":"closed","sticky":false,"template":"","format":"standard","meta":{"footnotes":""},"categories":[16,7],"tags":[],"class_list":["post-10316","post","type-post","status-publish","format-standard","hentry","category-accion-social","category-movilizaciones"],"_links":{"self":[{"href":"https:\/\/cgtcantabria.org\/wp\/index.php?rest_route=\/wp\/v2\/posts\/10316","targetHints":{"allow":["GET"]}}],"collection":[{"href":"https:\/\/cgtcantabria.org\/wp\/index.php?rest_route=\/wp\/v2\/posts"}],"about":[{"href":"https:\/\/cgtcantabria.org\/wp\/index.php?rest_route=\/wp\/v2\/types\/post"}],"author":[{"embeddable":true,"href":"https:\/\/cgtcantabria.org\/wp\/index.php?rest_route=\/wp\/v2\/users\/19"}],"replies":[{"embeddable":true,"href":"https:\/\/cgtcantabria.org\/wp\/index.php?rest_route=%2Fwp%2Fv2%2Fcomments&post=10316"}],"version-history":[{"count":2,"href":"https:\/\/cgtcantabria.org\/wp\/index.php?rest_route=\/wp\/v2\/posts\/10316\/revisions"}],"predecessor-version":[{"id":10319,"href":"https:\/\/cgtcantabria.org\/wp\/index.php?rest_route=\/wp\/v2\/posts\/10316\/revisions\/10319"}],"wp:attachment":[{"href":"https:\/\/cgtcantabria.org\/wp\/index.php?rest_route=%2Fwp%2Fv2%2Fmedia&parent=10316"}],"wp:term":[{"taxonomy":"category","embeddable":true,"href":"https:\/\/cgtcantabria.org\/wp\/index.php?rest_route=%2Fwp%2Fv2%2Fcategories&post=10316"},{"taxonomy":"post_tag","embeddable":true,"href":"https:\/\/cgtcantabria.org\/wp\/index.php?rest_route=%2Fwp%2Fv2%2Ftags&post=10316"}],"curies":[{"name":"wp","href":"https:\/\/api.w.org\/{rel}","templated":true}]}}