{"id":10479,"date":"2022-12-20T18:38:26","date_gmt":"2022-12-20T17:38:26","guid":{"rendered":"https:\/\/cgtcantabria.org\/wp\/?p=10479"},"modified":"2022-12-20T18:38:26","modified_gmt":"2022-12-20T17:38:26","slug":"frente-a-la-subida-asfixiante-de-precios-salgamos-a-tomar-el-aire","status":"publish","type":"post","link":"https:\/\/cgtcantabria.org\/wp\/?p=10479","title":{"rendered":"Frente a la subida asfixiante de precios, salgamos a tomar el aire."},"content":{"rendered":"<p><a class=\"anchor-hashtag\" href=\"tg:\/\/search_hashtag?hashtag=CGT\">#CGT<\/a> se moviliz\u00f3 en la calle este s\u00e1bado <a class=\"anchor-hashtag\" href=\"tg:\/\/search_hashtag?hashtag=17D\">#17D<\/a> para denunciar el encarecimiento de bienes b\u00e1sicos y reivindicar un reparto justo. Bajo el lema &#8216;Frente a la subida asfixiante de precios, salgamos a tomar el aire. Por la recuperaci\u00f3n del poder adquisitivo&#8217;, la manifestaci\u00f3n arranc\u00f3 a las 11 en la sede de la <a class=\"anchor-hashtag\" href=\"tg:\/\/search_hashtag?hashtag=CEOE\">#CEOE<\/a> y finaliz\u00f3 en el Ministerio de Econom\u00eda.<\/p>\n<p><a href=\"https:\/\/cgtcantabria.org\/wp\/wp-content\/uploads\/2022\/12\/320677626_1211249809768995_3917114810596432342_n.jpg\"><img loading=\"lazy\" decoding=\"async\" class=\"alignnone size-medium wp-image-10482\" src=\"https:\/\/cgtcantabria.org\/wp\/wp-content\/uploads\/2022\/12\/320677626_1211249809768995_3917114810596432342_n-300x225.jpg\" alt=\"\" width=\"300\" height=\"225\" srcset=\"https:\/\/cgtcantabria.org\/wp\/wp-content\/uploads\/2022\/12\/320677626_1211249809768995_3917114810596432342_n-300x225.jpg 300w, https:\/\/cgtcantabria.org\/wp\/wp-content\/uploads\/2022\/12\/320677626_1211249809768995_3917114810596432342_n-768x576.jpg 768w, https:\/\/cgtcantabria.org\/wp\/wp-content\/uploads\/2022\/12\/320677626_1211249809768995_3917114810596432342_n.jpg 1024w\" sizes=\"auto, (max-width: 300px) 100vw, 300px\" \/><\/a> <a href=\"https:\/\/cgtcantabria.org\/wp\/wp-content\/uploads\/2022\/12\/320702092_506912571505601_152629253185913217_n.jpg\"><img loading=\"lazy\" decoding=\"async\" class=\"alignnone size-medium wp-image-10483\" src=\"https:\/\/cgtcantabria.org\/wp\/wp-content\/uploads\/2022\/12\/320702092_506912571505601_152629253185913217_n-300x225.jpg\" alt=\"\" width=\"300\" height=\"225\" srcset=\"https:\/\/cgtcantabria.org\/wp\/wp-content\/uploads\/2022\/12\/320702092_506912571505601_152629253185913217_n-300x225.jpg 300w, https:\/\/cgtcantabria.org\/wp\/wp-content\/uploads\/2022\/12\/320702092_506912571505601_152629253185913217_n-768x576.jpg 768w, https:\/\/cgtcantabria.org\/wp\/wp-content\/uploads\/2022\/12\/320702092_506912571505601_152629253185913217_n.jpg 1024w\" sizes=\"auto, (max-width: 300px) 100vw, 300px\" \/><\/a><\/p>\n<p>&nbsp;<\/p>\n<p>&nbsp;<\/p>\n<p><a class=\"anchor-url\" href=\"https:\/\/www.europapress.es\/economia\/laboral-00346\/noticia-cgt-moviliza-calle-denunciar-encarecimiento-bienes-basicos-reivindicar-reparto-justo-20221217153941.html\" target=\"_blank\" rel=\"noopener noreferrer\">https:\/\/www.europapress.es\/economia\/laboral-00346\/noticia-cgt-moviliza-calle-denunciar-encarecimiento-bienes-basicos-reivindicar-reparto-justo-20221217153941.html<\/a><\/p>\n<div class=\"web\">\n<div class=\"quote\">\n<div class=\"quote-text\">\n<div class=\"preview-resizer\">\n<div class=\"preview media-container media-container-fitted\"><canvas class=\"canvas-thumbnail thumbnail media-photo\" width=\"40\" height=\"27\"><\/canvas><\/p>\n<div class=\"media-container-aspecter\"><\/div>\n<\/div>\n<\/div>\n<\/div>\n<\/div>\n<\/div>\n","protected":false},"excerpt":{"rendered":"<p>#CGT se moviliz\u00f3 en la calle este s\u00e1bado #17D para denunciar el encarecimiento de bienes b\u00e1sicos y reivindicar un reparto justo. Bajo el lema &#8216;Frente a la subida asfixiante de precios, salgamos a tomar el aire. Por la recuperaci\u00f3n del &hellip; <a href=\"https:\/\/cgtcantabria.org\/wp\/?p=10479\">Sigue leyendo <span class=\"meta-nav\">&rarr;<\/span><\/a><\/p>\n","protected":false},"author":19,"featured_media":0,"comment_status":"closed","ping_status":"closed","sticky":false,"template":"","format":"standard","meta":{"footnotes":""},"categories":[15,16,7],"tags":[],"class_list":["post-10479","post","type-post","status-publish","format-standard","hentry","category-accion-sindical","category-accion-social","category-movilizaciones"],"_links":{"self":[{"href":"https:\/\/cgtcantabria.org\/wp\/index.php?rest_route=\/wp\/v2\/posts\/10479","targetHints":{"allow":["GET"]}}],"collection":[{"href":"https:\/\/cgtcantabria.org\/wp\/index.php?rest_route=\/wp\/v2\/posts"}],"about":[{"href":"https:\/\/cgtcantabria.org\/wp\/index.php?rest_route=\/wp\/v2\/types\/post"}],"author":[{"embeddable":true,"href":"https:\/\/cgtcantabria.org\/wp\/index.php?rest_route=\/wp\/v2\/users\/19"}],"replies":[{"embeddable":true,"href":"https:\/\/cgtcantabria.org\/wp\/index.php?rest_route=%2Fwp%2Fv2%2Fcomments&post=10479"}],"version-history":[{"count":3,"href":"https:\/\/cgtcantabria.org\/wp\/index.php?rest_route=\/wp\/v2\/posts\/10479\/revisions"}],"predecessor-version":[{"id":10484,"href":"https:\/\/cgtcantabria.org\/wp\/index.php?rest_route=\/wp\/v2\/posts\/10479\/revisions\/10484"}],"wp:attachment":[{"href":"https:\/\/cgtcantabria.org\/wp\/index.php?rest_route=%2Fwp%2Fv2%2Fmedia&parent=10479"}],"wp:term":[{"taxonomy":"category","embeddable":true,"href":"https:\/\/cgtcantabria.org\/wp\/index.php?rest_route=%2Fwp%2Fv2%2Fcategories&post=10479"},{"taxonomy":"post_tag","embeddable":true,"href":"https:\/\/cgtcantabria.org\/wp\/index.php?rest_route=%2Fwp%2Fv2%2Ftags&post=10479"}],"curies":[{"name":"wp","href":"https:\/\/api.w.org\/{rel}","templated":true}]}}