{"id":10538,"date":"2023-03-13T20:38:33","date_gmt":"2023-03-13T19:38:33","guid":{"rendered":"https:\/\/cgtcantabria.org\/wp\/?p=10538"},"modified":"2023-03-13T20:39:16","modified_gmt":"2023-03-13T19:39:16","slug":"manifestacion-11m-cgt-contra-la-subida-asfixiante-de-precios","status":"publish","type":"post","link":"https:\/\/cgtcantabria.org\/wp\/?p=10538","title":{"rendered":"Manifestaci\u00f3n de la CGT el 11M en Barcelona contra la subida asfixiante de precios"},"content":{"rendered":"<p><a href=\"https:\/\/cgtcantabria.org\/wp\/wp-content\/uploads\/2023\/03\/WhatsApp-Image-2023-03-12-at-19.56.47.jpeg\"><img loading=\"lazy\" decoding=\"async\" class=\"size-medium wp-image-10540 aligncenter\" src=\"https:\/\/cgtcantabria.org\/wp\/wp-content\/uploads\/2023\/03\/WhatsApp-Image-2023-03-12-at-19.56.47-300x135.jpeg\" alt=\"\" width=\"300\" height=\"135\" srcset=\"https:\/\/cgtcantabria.org\/wp\/wp-content\/uploads\/2023\/03\/WhatsApp-Image-2023-03-12-at-19.56.47-300x135.jpeg 300w, https:\/\/cgtcantabria.org\/wp\/wp-content\/uploads\/2023\/03\/WhatsApp-Image-2023-03-12-at-19.56.47-1024x461.jpeg 1024w, https:\/\/cgtcantabria.org\/wp\/wp-content\/uploads\/2023\/03\/WhatsApp-Image-2023-03-12-at-19.56.47-768x346.jpeg 768w, https:\/\/cgtcantabria.org\/wp\/wp-content\/uploads\/2023\/03\/WhatsApp-Image-2023-03-12-at-19.56.47.jpeg 1280w\" sizes=\"auto, (max-width: 300px) 100vw, 300px\" \/><\/a>La CGT vuelve a convocar una manifestaci\u00f3n contra la subida abusiva de precios y la p\u00e9rdida de poder adquisitivo. Ocurri\u00f3 este pasado 11 de marzo en las calles de Barcelona.<\/p>\n<p>Mediante esta nueva convocatoria, que supone una continuaci\u00f3n de la manifestaci\u00f3n del pasado 17 de diciembre en Madrid, la CGT protesta contra las dificultades econ\u00f3micas que atraviesa la mayor\u00eda de la poblaci\u00f3n, con salarios cada vez m\u00e1s alejados de los costes reales de la vida y muy escasos para hacer frente a las necesidades m\u00e1s b\u00e1sicas. Sobre todo en los sectores m\u00e1s precarizados como hosteler\u00eda, limpieza o el telemarketing.<\/p>\n<div style=\"width: 480px;\" class=\"wp-video\"><video class=\"wp-video-shortcode\" id=\"video-10538-1\" width=\"480\" height=\"270\" preload=\"metadata\" controls=\"controls\"><source type=\"video\/mp4\" src=\"https:\/\/cgtcantabria.org\/wp\/wp-content\/uploads\/2023\/03\/VID-20230312-WA0014.mp4?_=1\" \/><a href=\"https:\/\/cgtcantabria.org\/wp\/wp-content\/uploads\/2023\/03\/VID-20230312-WA0014.mp4\">https:\/\/cgtcantabria.org\/wp\/wp-content\/uploads\/2023\/03\/VID-20230312-WA0014.mp4<\/a><\/video><\/div>\n","protected":false},"excerpt":{"rendered":"<p>La CGT vuelve a convocar una manifestaci\u00f3n contra la subida abusiva de precios y la p\u00e9rdida de poder adquisitivo. Ocurri\u00f3 este pasado 11 de marzo en las calles de Barcelona. Mediante esta nueva convocatoria, que supone una continuaci\u00f3n de la &hellip; <a href=\"https:\/\/cgtcantabria.org\/wp\/?p=10538\">Sigue leyendo <span class=\"meta-nav\">&rarr;<\/span><\/a><\/p>\n","protected":false},"author":19,"featured_media":0,"comment_status":"closed","ping_status":"closed","sticky":false,"template":"","format":"standard","meta":{"footnotes":""},"categories":[15,16],"tags":[],"class_list":["post-10538","post","type-post","status-publish","format-standard","hentry","category-accion-sindical","category-accion-social"],"_links":{"self":[{"href":"https:\/\/cgtcantabria.org\/wp\/index.php?rest_route=\/wp\/v2\/posts\/10538","targetHints":{"allow":["GET"]}}],"collection":[{"href":"https:\/\/cgtcantabria.org\/wp\/index.php?rest_route=\/wp\/v2\/posts"}],"about":[{"href":"https:\/\/cgtcantabria.org\/wp\/index.php?rest_route=\/wp\/v2\/types\/post"}],"author":[{"embeddable":true,"href":"https:\/\/cgtcantabria.org\/wp\/index.php?rest_route=\/wp\/v2\/users\/19"}],"replies":[{"embeddable":true,"href":"https:\/\/cgtcantabria.org\/wp\/index.php?rest_route=%2Fwp%2Fv2%2Fcomments&post=10538"}],"version-history":[{"count":2,"href":"https:\/\/cgtcantabria.org\/wp\/index.php?rest_route=\/wp\/v2\/posts\/10538\/revisions"}],"predecessor-version":[{"id":10543,"href":"https:\/\/cgtcantabria.org\/wp\/index.php?rest_route=\/wp\/v2\/posts\/10538\/revisions\/10543"}],"wp:attachment":[{"href":"https:\/\/cgtcantabria.org\/wp\/index.php?rest_route=%2Fwp%2Fv2%2Fmedia&parent=10538"}],"wp:term":[{"taxonomy":"category","embeddable":true,"href":"https:\/\/cgtcantabria.org\/wp\/index.php?rest_route=%2Fwp%2Fv2%2Fcategories&post=10538"},{"taxonomy":"post_tag","embeddable":true,"href":"https:\/\/cgtcantabria.org\/wp\/index.php?rest_route=%2Fwp%2Fv2%2Ftags&post=10538"}],"curies":[{"name":"wp","href":"https:\/\/api.w.org\/{rel}","templated":true}]}}