{"id":10583,"date":"2023-04-21T10:30:05","date_gmt":"2023-04-21T09:30:05","guid":{"rendered":"https:\/\/cgtcantabria.org\/wp\/?p=10583"},"modified":"2023-04-21T10:30:05","modified_gmt":"2023-04-21T09:30:05","slug":"que-tendra-cantabria-que-no-le-gusta-a-konecta","status":"publish","type":"post","link":"https:\/\/cgtcantabria.org\/wp\/?p=10583","title":{"rendered":"Que tendr\u00e1 Cantabria, que no le gusta a Konecta."},"content":{"rendered":"<blockquote class=\"wp-embedded-content\" data-secret=\"rSfxh4uPEI\"><p><a href=\"https:\/\/www.elfaradio.com\/2023\/04\/20\/digitex-anuncia-un-traslado-de-actividad-a-otros-centros-que-aboca-a-despidos-en-la-planta-de-maliano\/\">Digitex anuncia un traslado de actividad a otros centros que aboca a despidos en la planta de Malia\u00f1o<\/a><\/p><\/blockquote>\n<p><iframe loading=\"lazy\" class=\"wp-embedded-content\" sandbox=\"allow-scripts\" security=\"restricted\" style=\"position: absolute; clip: rect(1px, 1px, 1px, 1px);\" title=\"\u00abDigitex anuncia un traslado de actividad a otros centros que aboca a despidos en la planta de Malia\u00f1o\u00bb \u2014 El Faradio | Periodismo que cuenta\" src=\"https:\/\/www.elfaradio.com\/2023\/04\/20\/digitex-anuncia-un-traslado-de-actividad-a-otros-centros-que-aboca-a-despidos-en-la-planta-de-maliano\/embed\/#?secret=SuIviKUqSf#?secret=rSfxh4uPEI\" data-secret=\"rSfxh4uPEI\" width=\"600\" height=\"338\" frameborder=\"0\" marginwidth=\"0\" marginheight=\"0\" scrolling=\"no\"><\/iframe><\/p>\n<div class=\"x11i5rnm xat24cr x1mh8g0r x1vvkbs xdj266r x126k92a\">\n<div dir=\"auto\">Que tendr\u00e1 Cantabria, que no le gusta a Konecta.<\/div>\n<\/div>\n<div class=\"x11i5rnm xat24cr x1mh8g0r x1vvkbs xtlvy1s x126k92a\">\n<div dir=\"auto\">Por mucho que presuma su director de RRHH de ser de Cantabria, los hechos son tozudos y este nuevo ataque a las teleoperadoras c\u00e1ntabras de Konecta es repugnante.<\/div>\n<div dir=\"auto\">Inf\u00f3rmanos que la multinacional Grupo Konecta ha decidido volver a las andadas en un aut\u00e9ntico D\u00e9j\u00e0 vu. Esta empresa de telemarketing ha decidido cerrar por movilidad geogr\u00e1fica el centro de trabajo que tiene en Camargo (Santander), para su filial DIGITEX.<\/div>\n<div dir=\"auto\">Desgraciadamente, no es la primera vez que acude a esta perniciosa f\u00f3rmula que el Estatuto de los Trabajadores plantea como una medida de flexibilidad laboral retorci\u00e9ndola para camuflarla como un aut\u00e9ntico despido colectivo encubierto del que no hay razones operativas ni organizativas que lo justifiquen. Las \u00fanicas razones son econ\u00f3micas pero el Grupo Konecta no quiere ense\u00f1ar sus cuentas, que son cuentos.<\/div>\n<div dir=\"auto\">Es vergonzoso que, como hace ahora justo 10 a\u00f1os, se tenga que cerrar un centro de trabajo que funciona en Cantabria y se obligue a la gente a rescindir sus contratos (sin poder demandar) porque es imposible trasladarse con estos salarios a las comunidades aut\u00f3nomas de Andaluc\u00eda o de Catalu\u00f1a.<\/div>\n<div dir=\"auto\">Todo el mundo entiende que las llamadas se cogen de la misma manera en Santander en Catalu\u00f1a o en Andaluc\u00eda y las personas trabajadoras cobran lo mismo, tienen mismo nivel profesional y, sin embargo, Konecta, para no tener que plantear un despido colectivo por razones econ\u00f3micas, se inventa esta chapuza de movilidad geogr\u00e1fica.<\/div>\n<div dir=\"auto\">Desde la CGT ya nos enfrentamos en su d\u00eda al al cierre del centro de trabajo de Torrelavega, en la misma comunidad aut\u00f3noma para trasladar a las teleoperadoras de Vodafone a Valladolid pero c\u00f3mo les sali\u00f3 bien en su d\u00eda ahora han decidido ir m\u00e1s all\u00e1 y vuelven a cerrar su presencia en Cantabria (volvieron el a\u00f1o pasado cuando compraron Digitex\/Comdata) y ahora trasladan a las personas trabajadoras del centro de trabajo, de Camargo (Cantabria) a La Carolina (Jaen) y Viladecans (Barcelona).<\/div>\n<div dir=\"auto\">Con los salarios del telemarketing, que rozan el SMI, es absolutamente imposible plantearse este traslado que es un despido barato, un aut\u00e9ntico FRAUDE DE LEY.<\/div>\n<div dir=\"auto\">Konecta quiere que las personas de la estructura y las que trabajan para La Caixa se vayan a Viladecans y las personas que trabajan para Naturgy acudan a la Carolina. Desde la CGT nos enfrentamos a esta medida desde que la hemos conocido ya que es un aut\u00e9ntico abuso de derecho y un fraude de procedimiento dado que, como hemos dicho y reiteramos, lo que en realidad quiere la empresa es el cierre del centro de trabajo por motivos econ\u00f3micos y no existe causa para tal cosa, por eso lo camuflan as\u00ed.<\/div>\n<div dir=\"auto\">Esta es la postura que vamos a defender en el periodo de consultas que comienza a finales de Abril y que tendr\u00e1 una duraci\u00f3n no prorrogable de 15 d\u00edas. Seguiremos informando.<\/div>\n<div dir=\"auto\">Los puestos de trabajo no se venden.<\/div>\n<div dir=\"auto\">Los puestos de trabajo SE DEFIENDEN<\/div>\n<\/div>\n","protected":false},"excerpt":{"rendered":"<p>Digitex anuncia un traslado de actividad a otros centros que aboca a despidos en la planta de Malia\u00f1o Que tendr\u00e1 Cantabria, que no le gusta a Konecta. Por mucho que presuma su director de RRHH de ser de Cantabria, los &hellip; <a href=\"https:\/\/cgtcantabria.org\/wp\/?p=10583\">Sigue leyendo <span class=\"meta-nav\">&rarr;<\/span><\/a><\/p>\n","protected":false},"author":19,"featured_media":0,"comment_status":"closed","ping_status":"closed","sticky":false,"template":"","format":"standard","meta":{"footnotes":""},"categories":[15,35],"tags":[],"class_list":["post-10583","post","type-post","status-publish","format-standard","hentry","category-accion-sindical","category-telemarketing"],"_links":{"self":[{"href":"https:\/\/cgtcantabria.org\/wp\/index.php?rest_route=\/wp\/v2\/posts\/10583","targetHints":{"allow":["GET"]}}],"collection":[{"href":"https:\/\/cgtcantabria.org\/wp\/index.php?rest_route=\/wp\/v2\/posts"}],"about":[{"href":"https:\/\/cgtcantabria.org\/wp\/index.php?rest_route=\/wp\/v2\/types\/post"}],"author":[{"embeddable":true,"href":"https:\/\/cgtcantabria.org\/wp\/index.php?rest_route=\/wp\/v2\/users\/19"}],"replies":[{"embeddable":true,"href":"https:\/\/cgtcantabria.org\/wp\/index.php?rest_route=%2Fwp%2Fv2%2Fcomments&post=10583"}],"version-history":[{"count":1,"href":"https:\/\/cgtcantabria.org\/wp\/index.php?rest_route=\/wp\/v2\/posts\/10583\/revisions"}],"predecessor-version":[{"id":10585,"href":"https:\/\/cgtcantabria.org\/wp\/index.php?rest_route=\/wp\/v2\/posts\/10583\/revisions\/10585"}],"wp:attachment":[{"href":"https:\/\/cgtcantabria.org\/wp\/index.php?rest_route=%2Fwp%2Fv2%2Fmedia&parent=10583"}],"wp:term":[{"taxonomy":"category","embeddable":true,"href":"https:\/\/cgtcantabria.org\/wp\/index.php?rest_route=%2Fwp%2Fv2%2Fcategories&post=10583"},{"taxonomy":"post_tag","embeddable":true,"href":"https:\/\/cgtcantabria.org\/wp\/index.php?rest_route=%2Fwp%2Fv2%2Ftags&post=10583"}],"curies":[{"name":"wp","href":"https:\/\/api.w.org\/{rel}","templated":true}]}}