{"id":10835,"date":"2023-11-30T11:50:46","date_gmt":"2023-11-30T10:50:46","guid":{"rendered":"https:\/\/cgtcantabria.org\/wp\/?p=10835"},"modified":"2023-11-30T11:50:46","modified_gmt":"2023-11-30T10:50:46","slug":"2d-manifestacion-contra-la-derogacion-de-la-ley-de-memoria-historica-y-democratica-de-cantabria","status":"publish","type":"post","link":"https:\/\/cgtcantabria.org\/wp\/?p=10835","title":{"rendered":"2D MANIFESTACI\u00d3N CONTRA LA DEROGACION DE LA LEY DE MEMORIA HIST\u00d3RICA Y DEMOCR\u00c1TICA DE CANTABRIA"},"content":{"rendered":"<p><a href=\"https:\/\/cgtcantabria.org\/wp\/wp-content\/uploads\/2023\/11\/Cartel-2D.jpeg\"><img loading=\"lazy\" decoding=\"async\" class=\"size-medium wp-image-10837 alignleft\" src=\"https:\/\/cgtcantabria.org\/wp\/wp-content\/uploads\/2023\/11\/Cartel-2D-212x300.jpeg\" alt=\"\" width=\"212\" height=\"300\" srcset=\"https:\/\/cgtcantabria.org\/wp\/wp-content\/uploads\/2023\/11\/Cartel-2D-212x300.jpeg 212w, https:\/\/cgtcantabria.org\/wp\/wp-content\/uploads\/2023\/11\/Cartel-2D-724x1024.jpeg 724w, https:\/\/cgtcantabria.org\/wp\/wp-content\/uploads\/2023\/11\/Cartel-2D-768x1086.jpeg 768w, https:\/\/cgtcantabria.org\/wp\/wp-content\/uploads\/2023\/11\/Cartel-2D.jpeg 842w\" sizes=\"auto, (max-width: 212px) 100vw, 212px\" \/><\/a><\/p>\n<p><span style=\"font-weight: 400;\">No podemos quedarnos en silencio. Nos manifestamos el 2 de diciembre a las 12h desde Plaza Numancia para denunciar el intento de derogaci\u00f3n de la Ley de Memoria Hist\u00f3rica y para combatir el auge de las narrativas fascistas \u00a1No te quedes en casa! #2DporlaMemoria #MemoriaCantabria #MemoriaEsFuturo<\/span><\/p>\n<p><span style=\"font-weight: 400;\">Una sociedad que no busca verdad, justicia, reparaci\u00f3n y garant\u00edas de no repetici\u00f3n NO TIENE FUTURO. \u00danete a nuestra lucha por un futuro verdaderamente democr\u00e1tico. #2DporlaMemoria #MemoriaCantabria #MemoriaEsFuturo<\/span><\/p>\n<p>&nbsp;<\/p>\n<p>&nbsp;<\/p>\n","protected":false},"excerpt":{"rendered":"<p>No podemos quedarnos en silencio. Nos manifestamos el 2 de diciembre a las 12h desde Plaza Numancia para denunciar el intento de derogaci\u00f3n de la Ley de Memoria Hist\u00f3rica y para combatir el auge de las narrativas fascistas \u00a1No te &hellip; <a href=\"https:\/\/cgtcantabria.org\/wp\/?p=10835\">Sigue leyendo <span class=\"meta-nav\">&rarr;<\/span><\/a><\/p>\n","protected":false},"author":19,"featured_media":0,"comment_status":"closed","ping_status":"closed","sticky":false,"template":"","format":"standard","meta":{"footnotes":""},"categories":[16,7],"tags":[],"class_list":["post-10835","post","type-post","status-publish","format-standard","hentry","category-accion-social","category-movilizaciones"],"_links":{"self":[{"href":"https:\/\/cgtcantabria.org\/wp\/index.php?rest_route=\/wp\/v2\/posts\/10835","targetHints":{"allow":["GET"]}}],"collection":[{"href":"https:\/\/cgtcantabria.org\/wp\/index.php?rest_route=\/wp\/v2\/posts"}],"about":[{"href":"https:\/\/cgtcantabria.org\/wp\/index.php?rest_route=\/wp\/v2\/types\/post"}],"author":[{"embeddable":true,"href":"https:\/\/cgtcantabria.org\/wp\/index.php?rest_route=\/wp\/v2\/users\/19"}],"replies":[{"embeddable":true,"href":"https:\/\/cgtcantabria.org\/wp\/index.php?rest_route=%2Fwp%2Fv2%2Fcomments&post=10835"}],"version-history":[{"count":1,"href":"https:\/\/cgtcantabria.org\/wp\/index.php?rest_route=\/wp\/v2\/posts\/10835\/revisions"}],"predecessor-version":[{"id":10838,"href":"https:\/\/cgtcantabria.org\/wp\/index.php?rest_route=\/wp\/v2\/posts\/10835\/revisions\/10838"}],"wp:attachment":[{"href":"https:\/\/cgtcantabria.org\/wp\/index.php?rest_route=%2Fwp%2Fv2%2Fmedia&parent=10835"}],"wp:term":[{"taxonomy":"category","embeddable":true,"href":"https:\/\/cgtcantabria.org\/wp\/index.php?rest_route=%2Fwp%2Fv2%2Fcategories&post=10835"},{"taxonomy":"post_tag","embeddable":true,"href":"https:\/\/cgtcantabria.org\/wp\/index.php?rest_route=%2Fwp%2Fv2%2Ftags&post=10835"}],"curies":[{"name":"wp","href":"https:\/\/api.w.org\/{rel}","templated":true}]}}