{"id":10892,"date":"2024-02-29T10:27:49","date_gmt":"2024-02-29T09:27:49","guid":{"rendered":"https:\/\/cgtcantabria.org\/wp\/?p=10892"},"modified":"2024-02-29T13:31:50","modified_gmt":"2024-02-29T12:31:50","slug":"1-cursos-de-formacion-marzo","status":"publish","type":"post","link":"https:\/\/cgtcantabria.org\/wp\/?p=10892","title":{"rendered":"1- CURSOS DE FORMACION MARZO"},"content":{"rendered":"<p><strong><a href=\"https:\/\/cgtcantabria.org\/wp\/wp-content\/uploads\/2024\/02\/photo_2024-02-21_17-19-21.jpg\"><img loading=\"lazy\" decoding=\"async\" class=\"size-medium wp-image-10894 alignleft\" src=\"https:\/\/cgtcantabria.org\/wp\/wp-content\/uploads\/2024\/02\/photo_2024-02-21_17-19-21-225x300.jpg\" alt=\"\" width=\"225\" height=\"300\" srcset=\"https:\/\/cgtcantabria.org\/wp\/wp-content\/uploads\/2024\/02\/photo_2024-02-21_17-19-21-225x300.jpg 225w, https:\/\/cgtcantabria.org\/wp\/wp-content\/uploads\/2024\/02\/photo_2024-02-21_17-19-21-768x1024.jpg 768w, https:\/\/cgtcantabria.org\/wp\/wp-content\/uploads\/2024\/02\/photo_2024-02-21_17-19-21.jpg 960w\" sizes=\"auto, (max-width: 225px) 100vw, 225px\" \/><\/a>1- CURSO DE FORMACI\u00d3N ON LINE DE \u00abCOEFICIENTES REDUCTORES\u00bb.<\/strong><\/p>\n<p>Fecha: 6 de marzo, de 10:00h a 13.30h, hora peninsular.<\/p>\n<p>A CARGO DE SILVIA ARRIBAS, ABOGADA DEL GABINETE JUR\u00cdDICO CONFEDERAL DE CGT.<\/p>\n<p><strong>Aqu\u00ed va el enlace a la inscripci\u00f3n. Y<\/strong>\u00a0<strong>recordad que deb\u00e9is completar la inscripci\u00f3n tambi\u00e9n en zoom.<\/strong><\/p>\n<p><a href=\"https:\/\/docs.google.com\/forms\/d\/1n9faTCRmD_YgpMt1Jv00j-hxE74840EwEYZfP-jBQPg\/edit\" target=\"_blank\" rel=\"noopener noreferrer\" data-saferedirecturl=\"https:\/\/www.google.com\/url?q=https:\/\/docs.google.com\/forms\/d\/1n9faTCRmD_YgpMt1Jv00j-hxE74840EwEYZfP-jBQPg\/edit&amp;source=gmail&amp;ust=1709282196814000&amp;usg=AOvVaw1DV2SFUfb-LMuLyxF_vzgq\">https:\/\/docs.google.com\/forms\/<wbr \/>d\/1n9faTCRmD_YgpMt1Jv00j-<wbr \/>hxE74840EwEYZfP-jBQPg\/edit<\/a><\/p>\n<p><strong><a href=\"https:\/\/cgtcantabria.org\/wp\/wp-content\/uploads\/2024\/02\/photo_2024-02-21_17-17-51.jpg\"><img loading=\"lazy\" decoding=\"async\" class=\"size-medium wp-image-10895 alignleft\" src=\"https:\/\/cgtcantabria.org\/wp\/wp-content\/uploads\/2024\/02\/photo_2024-02-21_17-17-51-300x258.jpg\" alt=\"\" width=\"300\" height=\"258\" srcset=\"https:\/\/cgtcantabria.org\/wp\/wp-content\/uploads\/2024\/02\/photo_2024-02-21_17-17-51-300x258.jpg 300w, https:\/\/cgtcantabria.org\/wp\/wp-content\/uploads\/2024\/02\/photo_2024-02-21_17-17-51-1024x880.jpg 1024w, https:\/\/cgtcantabria.org\/wp\/wp-content\/uploads\/2024\/02\/photo_2024-02-21_17-17-51-768x660.jpg 768w, https:\/\/cgtcantabria.org\/wp\/wp-content\/uploads\/2024\/02\/photo_2024-02-21_17-17-51.jpg 1280w\" sizes=\"auto, (max-width: 300px) 100vw, 300px\" \/><\/a>2. CURSO DE FORMACI\u00d3N ON LINE Y PRESENCIAL \u00abN\u00d3MINAS\u00bb ORGANIZADO POR CGT L,ANOIA Y SECRETAR\u00cdA DE FORMACI\u00d3N DE CGT<\/strong><\/p>\n<p>Fecha: 11 de marzo , de 11:00h a 13:00h, hora peninsular.<\/p>\n<p>ON LINE y Presencial en Centro C\u00edvico del Barrio de F\u00e1tima\u00a0 (Avda. Nuestra Se\u00f1ora de la Piedad, N\u00ba42) 08700 Igualada<\/p>\n<p>A CARGO DE JOAQUIN GARRETA<\/p>\n<p><strong>Aqu\u00ed va el enlace y recordad que deb\u00e9is completar la inscripci\u00f3n tambi\u00e9n en zoom para poder inscribiros correctamente<\/strong><\/p>\n<p><a href=\"https:\/\/docs.google.com\/forms\/d\/1PpT3Y2kHWCMz2fy3hwX6jJ9-Hurm0OmVWmY6E0LJMa8\/edit\" target=\"_blank\" rel=\"noopener noreferrer\" data-saferedirecturl=\"https:\/\/www.google.com\/url?q=https:\/\/docs.google.com\/forms\/d\/1PpT3Y2kHWCMz2fy3hwX6jJ9-Hurm0OmVWmY6E0LJMa8\/edit&amp;source=gmail&amp;ust=1709282196814000&amp;usg=AOvVaw1_9J_ayL5ucUjrmuFHFlyX\">https:\/\/docs.google.com\/forms\/<wbr \/>d\/1PpT3Y2kHWCMz2fy3hwX6jJ9-<wbr \/>Hurm0OmVWmY6E0LJMa8\/edit<\/a><\/p>\n","protected":false},"excerpt":{"rendered":"<p>1- CURSO DE FORMACI\u00d3N ON LINE DE \u00abCOEFICIENTES REDUCTORES\u00bb. Fecha: 6 de marzo, de 10:00h a 13.30h, hora peninsular. A CARGO DE SILVIA ARRIBAS, ABOGADA DEL GABINETE JUR\u00cdDICO CONFEDERAL DE CGT. Aqu\u00ed va el enlace a la inscripci\u00f3n. Y\u00a0recordad que &hellip; <a href=\"https:\/\/cgtcantabria.org\/wp\/?p=10892\">Sigue leyendo <span class=\"meta-nav\">&rarr;<\/span><\/a><\/p>\n","protected":false},"author":19,"featured_media":0,"comment_status":"closed","ping_status":"closed","sticky":false,"template":"","format":"standard","meta":{"footnotes":""},"categories":[16],"tags":[],"class_list":["post-10892","post","type-post","status-publish","format-standard","hentry","category-accion-social"],"_links":{"self":[{"href":"https:\/\/cgtcantabria.org\/wp\/index.php?rest_route=\/wp\/v2\/posts\/10892","targetHints":{"allow":["GET"]}}],"collection":[{"href":"https:\/\/cgtcantabria.org\/wp\/index.php?rest_route=\/wp\/v2\/posts"}],"about":[{"href":"https:\/\/cgtcantabria.org\/wp\/index.php?rest_route=\/wp\/v2\/types\/post"}],"author":[{"embeddable":true,"href":"https:\/\/cgtcantabria.org\/wp\/index.php?rest_route=\/wp\/v2\/users\/19"}],"replies":[{"embeddable":true,"href":"https:\/\/cgtcantabria.org\/wp\/index.php?rest_route=%2Fwp%2Fv2%2Fcomments&post=10892"}],"version-history":[{"count":1,"href":"https:\/\/cgtcantabria.org\/wp\/index.php?rest_route=\/wp\/v2\/posts\/10892\/revisions"}],"predecessor-version":[{"id":10896,"href":"https:\/\/cgtcantabria.org\/wp\/index.php?rest_route=\/wp\/v2\/posts\/10892\/revisions\/10896"}],"wp:attachment":[{"href":"https:\/\/cgtcantabria.org\/wp\/index.php?rest_route=%2Fwp%2Fv2%2Fmedia&parent=10892"}],"wp:term":[{"taxonomy":"category","embeddable":true,"href":"https:\/\/cgtcantabria.org\/wp\/index.php?rest_route=%2Fwp%2Fv2%2Fcategories&post=10892"},{"taxonomy":"post_tag","embeddable":true,"href":"https:\/\/cgtcantabria.org\/wp\/index.php?rest_route=%2Fwp%2Fv2%2Ftags&post=10892"}],"curies":[{"name":"wp","href":"https:\/\/api.w.org\/{rel}","templated":true}]}}