{"id":10905,"date":"2024-03-27T09:49:18","date_gmt":"2024-03-27T08:49:18","guid":{"rendered":"https:\/\/cgtcantabria.org\/wp\/?p=10905"},"modified":"2024-03-27T09:49:18","modified_gmt":"2024-03-27T08:49:18","slug":"cursos-formacion-abril","status":"publish","type":"post","link":"https:\/\/cgtcantabria.org\/wp\/?p=10905","title":{"rendered":"Cursos formaci\u00f3n Abril"},"content":{"rendered":"<p><a href=\"https:\/\/cgtcantabria.org\/wp\/wp-content\/uploads\/2024\/03\/Curso-1.jpg\"><img loading=\"lazy\" decoding=\"async\" class=\"size-medium wp-image-10907 alignleft\" src=\"https:\/\/cgtcantabria.org\/wp\/wp-content\/uploads\/2024\/03\/Curso-1-212x300.jpg\" alt=\"\" width=\"212\" height=\"300\" srcset=\"https:\/\/cgtcantabria.org\/wp\/wp-content\/uploads\/2024\/03\/Curso-1-212x300.jpg 212w, https:\/\/cgtcantabria.org\/wp\/wp-content\/uploads\/2024\/03\/Curso-1-724x1024.jpg 724w, https:\/\/cgtcantabria.org\/wp\/wp-content\/uploads\/2024\/03\/Curso-1-768x1086.jpg 768w, https:\/\/cgtcantabria.org\/wp\/wp-content\/uploads\/2024\/03\/Curso-1.jpg 794w\" sizes=\"auto, (max-width: 212px) 100vw, 212px\" \/><\/a>1-Curso : \u00abAplicaci\u00f3n pr\u00e1ctica de la Ley org\u00e1nica de la Protecci\u00f3n de Datos\u00bb<\/p>\n<p>Modalidad on line<\/p>\n<p>Ponente:\u00a0 Arantxa Escribano, abogada GJC<\/p>\n<p>Fecha\u00a04 de abril\u00a0de 10:00h a 13:30h<\/p>\n<p>Enlace a la inscripci\u00f3n:<br \/>\nhttps:\/\/docs.google.com\/forms\/d\/1qoBC7XPsM_j8Qxn_LAfCPPWgfbIEUeqqQWMz7iv1jic\/edit<\/p>\n<p>&nbsp;<\/p>\n<p><a href=\"https:\/\/cgtcantabria.org\/wp\/wp-content\/uploads\/2024\/03\/Curso-3.jpg\"><img loading=\"lazy\" decoding=\"async\" class=\"size-medium wp-image-10908 alignleft\" src=\"https:\/\/cgtcantabria.org\/wp\/wp-content\/uploads\/2024\/03\/Curso-3-212x300.jpg\" alt=\"\" width=\"212\" height=\"300\" srcset=\"https:\/\/cgtcantabria.org\/wp\/wp-content\/uploads\/2024\/03\/Curso-3-212x300.jpg 212w, https:\/\/cgtcantabria.org\/wp\/wp-content\/uploads\/2024\/03\/Curso-3-724x1024.jpg 724w, https:\/\/cgtcantabria.org\/wp\/wp-content\/uploads\/2024\/03\/Curso-3-768x1086.jpg 768w, https:\/\/cgtcantabria.org\/wp\/wp-content\/uploads\/2024\/03\/Curso-3.jpg 794w\" sizes=\"auto, (max-width: 212px) 100vw, 212px\" \/><\/a>2-Curso: \u00abL\u00edmites de la Acci\u00f3n sindical: la Libertad de Expresi\u00f3n y de Opini\u00f3n versus Libertad de Acci\u00f3n Sindical\u00bb<br \/>\nModalidad on line<br \/>\nPonentes: Coral Gimeno y Silvia G. Arribas, abogadas GJC<br \/>\nFecha\u00a010 de abril\u00a0de 10:00h a 13:30h<br \/>\nEnlace a la inscripci\u00f3n:<br \/>\nhttps:\/\/docs.google.com\/forms\/d\/1CSm4jkrEGLsBiHZI8MdZhvDkJSCVF6TdrVxSOINdz2Q\/edit<\/p>\n<p>&nbsp;<\/p>\n<p>&nbsp;<\/p>\n<p><a href=\"https:\/\/cgtcantabria.org\/wp\/wp-content\/uploads\/2024\/03\/Curso-5.jpg\"><img loading=\"lazy\" decoding=\"async\" class=\"size-medium wp-image-10909 alignleft\" src=\"https:\/\/cgtcantabria.org\/wp\/wp-content\/uploads\/2024\/03\/Curso-5-212x300.jpg\" alt=\"\" width=\"212\" height=\"300\" srcset=\"https:\/\/cgtcantabria.org\/wp\/wp-content\/uploads\/2024\/03\/Curso-5-212x300.jpg 212w, https:\/\/cgtcantabria.org\/wp\/wp-content\/uploads\/2024\/03\/Curso-5-724x1024.jpg 724w, https:\/\/cgtcantabria.org\/wp\/wp-content\/uploads\/2024\/03\/Curso-5-768x1086.jpg 768w, https:\/\/cgtcantabria.org\/wp\/wp-content\/uploads\/2024\/03\/Curso-5.jpg 794w\" sizes=\"auto, (max-width: 212px) 100vw, 212px\" \/><\/a>3-Curso: \u00abPrivatizaci\u00f3n de la sanidad con las Mutuas\u00bb,<br \/>\nModalidad on line<br \/>\nPonente: I\u00f1aki Moreno, Plataforma Salud de Navarra<br \/>\nFecha\u00a017 de abril\u00a0de 10:00 a 13:30h<br \/>\nEnlace a la inscripci\u00f3n:<br \/>\nhttps:\/\/docs.google.com\/forms\/d\/13t2C5mexGRZNHDVqW_4U_CoHnsjGo8fcM13-Myz8e98\/edit<\/p>\n","protected":false},"excerpt":{"rendered":"<p>1-Curso : \u00abAplicaci\u00f3n pr\u00e1ctica de la Ley org\u00e1nica de la Protecci\u00f3n de Datos\u00bb Modalidad on line Ponente:\u00a0 Arantxa Escribano, abogada GJC Fecha\u00a04 de abril\u00a0de 10:00h a 13:30h Enlace a la inscripci\u00f3n: https:\/\/docs.google.com\/forms\/d\/1qoBC7XPsM_j8Qxn_LAfCPPWgfbIEUeqqQWMz7iv1jic\/edit &nbsp; 2-Curso: \u00abL\u00edmites de la Acci\u00f3n sindical: la &hellip; <a href=\"https:\/\/cgtcantabria.org\/wp\/?p=10905\">Sigue leyendo <span class=\"meta-nav\">&rarr;<\/span><\/a><\/p>\n","protected":false},"author":19,"featured_media":0,"comment_status":"closed","ping_status":"closed","sticky":false,"template":"","format":"standard","meta":{"footnotes":""},"categories":[57,14],"tags":[],"class_list":["post-10905","post","type-post","status-publish","format-standard","hentry","category-cursos","category-formacion"],"_links":{"self":[{"href":"https:\/\/cgtcantabria.org\/wp\/index.php?rest_route=\/wp\/v2\/posts\/10905","targetHints":{"allow":["GET"]}}],"collection":[{"href":"https:\/\/cgtcantabria.org\/wp\/index.php?rest_route=\/wp\/v2\/posts"}],"about":[{"href":"https:\/\/cgtcantabria.org\/wp\/index.php?rest_route=\/wp\/v2\/types\/post"}],"author":[{"embeddable":true,"href":"https:\/\/cgtcantabria.org\/wp\/index.php?rest_route=\/wp\/v2\/users\/19"}],"replies":[{"embeddable":true,"href":"https:\/\/cgtcantabria.org\/wp\/index.php?rest_route=%2Fwp%2Fv2%2Fcomments&post=10905"}],"version-history":[{"count":1,"href":"https:\/\/cgtcantabria.org\/wp\/index.php?rest_route=\/wp\/v2\/posts\/10905\/revisions"}],"predecessor-version":[{"id":10910,"href":"https:\/\/cgtcantabria.org\/wp\/index.php?rest_route=\/wp\/v2\/posts\/10905\/revisions\/10910"}],"wp:attachment":[{"href":"https:\/\/cgtcantabria.org\/wp\/index.php?rest_route=%2Fwp%2Fv2%2Fmedia&parent=10905"}],"wp:term":[{"taxonomy":"category","embeddable":true,"href":"https:\/\/cgtcantabria.org\/wp\/index.php?rest_route=%2Fwp%2Fv2%2Fcategories&post=10905"},{"taxonomy":"post_tag","embeddable":true,"href":"https:\/\/cgtcantabria.org\/wp\/index.php?rest_route=%2Fwp%2Fv2%2Ftags&post=10905"}],"curies":[{"name":"wp","href":"https:\/\/api.w.org\/{rel}","templated":true}]}}