{"id":10999,"date":"2024-06-21T07:37:35","date_gmt":"2024-06-21T06:37:35","guid":{"rendered":"https:\/\/cgtcantabria.org\/wp\/?p=10999"},"modified":"2024-06-21T07:37:35","modified_gmt":"2024-06-21T06:37:35","slug":"llegada-a-cantabria-de-la-flotilla-de-la-libertad","status":"publish","type":"post","link":"https:\/\/cgtcantabria.org\/wp\/?p=10999","title":{"rendered":"Llegada a Cantabria de la Flotilla de la Libertad"},"content":{"rendered":"<div class=\"adn ads\" data-message-id=\"#msg-f:1802406321121657281\" data-legacy-message-id=\"19036effdf6001c1\">\n<div class=\"gs\">\n<div class=\"\">\n<div id=\":19h\" class=\"ii gt\">\n<div id=\":19g\" class=\"a3s aiL \">\n<div dir=\"ltr\">\n<div class=\"gmail_quote\">\n<div dir=\"ltr\">\n<p>Desde CGT Cantabria os informamos que La Plataforma C\u00e1ntabra de apoyo a la Flotilla de la Libertad, formada por colectivos y personas con el objetivo de recibir y acompa\u00f1ar a la tripulaci\u00f3n del \u2018Handala\u2019 en su escala en Cantabria rumbo a Gaza, y para dar difusi\u00f3n a los actos reivindicativos celebrados, anima a acudir a los eventos que, con el objeto de apoyar esta iniciativa de ruptura del bloqueo y denuncia del genocidio, se celebrar\u00e1n el pr\u00f3ximo fin de semana, del 21 al 23 de junio.<\/p>\n<p>En la noche del s\u00e1bado 22, se celebrar\u00e1 en el bar Bolero una fiesta,<\/p>\n<p>&nbsp;<\/p>\n<p><a href=\"https:\/\/cgtcantabria.org\/wp\/wp-content\/uploads\/2024\/06\/A4-fiesta-El-Bolero-Handala-sab-22J.jpg\"><img loading=\"lazy\" decoding=\"async\" class=\"alignnone size-medium wp-image-11003\" src=\"https:\/\/cgtcantabria.org\/wp\/wp-content\/uploads\/2024\/06\/A4-fiesta-El-Bolero-Handala-sab-22J-212x300.jpg\" alt=\"\" width=\"212\" height=\"300\" srcset=\"https:\/\/cgtcantabria.org\/wp\/wp-content\/uploads\/2024\/06\/A4-fiesta-El-Bolero-Handala-sab-22J-212x300.jpg 212w, https:\/\/cgtcantabria.org\/wp\/wp-content\/uploads\/2024\/06\/A4-fiesta-El-Bolero-Handala-sab-22J-725x1024.jpg 725w, https:\/\/cgtcantabria.org\/wp\/wp-content\/uploads\/2024\/06\/A4-fiesta-El-Bolero-Handala-sab-22J-768x1085.jpg 768w, https:\/\/cgtcantabria.org\/wp\/wp-content\/uploads\/2024\/06\/A4-fiesta-El-Bolero-Handala-sab-22J-1087x1536.jpg 1087w, https:\/\/cgtcantabria.org\/wp\/wp-content\/uploads\/2024\/06\/A4-fiesta-El-Bolero-Handala-sab-22J.jpg 1241w\" sizes=\"auto, (max-width: 212px) 100vw, 212px\" \/><\/a><\/p>\n<p>Y como preparaci\u00f3n de la manifestaci\u00f3n con el lema \u2018Paremos el genocidio en Palestina\u2019 que, el domingo 23 a las 12:00, saldr\u00e1 desde Puertochico y llegar\u00e1 hasta Correos.<\/p>\n<p><a href=\"https:\/\/cgtcantabria.org\/wp\/wp-content\/uploads\/2024\/06\/83b39605-9a98-41d8-b27d-8b87d006f21f.png\"><img loading=\"lazy\" decoding=\"async\" class=\"alignnone size-medium wp-image-11002\" src=\"https:\/\/cgtcantabria.org\/wp\/wp-content\/uploads\/2024\/06\/83b39605-9a98-41d8-b27d-8b87d006f21f-300x300.png\" alt=\"\" width=\"300\" height=\"300\" srcset=\"https:\/\/cgtcantabria.org\/wp\/wp-content\/uploads\/2024\/06\/83b39605-9a98-41d8-b27d-8b87d006f21f-300x300.png 300w, https:\/\/cgtcantabria.org\/wp\/wp-content\/uploads\/2024\/06\/83b39605-9a98-41d8-b27d-8b87d006f21f-1024x1024.png 1024w, https:\/\/cgtcantabria.org\/wp\/wp-content\/uploads\/2024\/06\/83b39605-9a98-41d8-b27d-8b87d006f21f-150x150.png 150w, https:\/\/cgtcantabria.org\/wp\/wp-content\/uploads\/2024\/06\/83b39605-9a98-41d8-b27d-8b87d006f21f-768x768.png 768w, https:\/\/cgtcantabria.org\/wp\/wp-content\/uploads\/2024\/06\/83b39605-9a98-41d8-b27d-8b87d006f21f.png 1080w\" sizes=\"auto, (max-width: 300px) 100vw, 300px\" \/><\/a><\/p>\n<p>Y por \u00faltimo, el Lunes 24 a las 19:00 en el Instituto Santa Clara de Santander, un encuentro con activistas y charla coloquio con los miembros de la tripulaci\u00f3n.<\/p>\n<p>&nbsp;<\/p>\n<p>&nbsp;<\/p>\n<p><a href=\"https:\/\/cgtcantabria.org\/wp\/wp-content\/uploads\/2024\/06\/A4-Coloqio-St-Clara-24J.jpg\"><img loading=\"lazy\" decoding=\"async\" class=\"alignnone size-medium wp-image-11001\" src=\"https:\/\/cgtcantabria.org\/wp\/wp-content\/uploads\/2024\/06\/A4-Coloqio-St-Clara-24J-212x300.jpg\" alt=\"\" width=\"212\" height=\"300\" srcset=\"https:\/\/cgtcantabria.org\/wp\/wp-content\/uploads\/2024\/06\/A4-Coloqio-St-Clara-24J-212x300.jpg 212w, https:\/\/cgtcantabria.org\/wp\/wp-content\/uploads\/2024\/06\/A4-Coloqio-St-Clara-24J-725x1024.jpg 725w, https:\/\/cgtcantabria.org\/wp\/wp-content\/uploads\/2024\/06\/A4-Coloqio-St-Clara-24J-768x1085.jpg 768w, https:\/\/cgtcantabria.org\/wp\/wp-content\/uploads\/2024\/06\/A4-Coloqio-St-Clara-24J-1087x1536.jpg 1087w, https:\/\/cgtcantabria.org\/wp\/wp-content\/uploads\/2024\/06\/A4-Coloqio-St-Clara-24J.jpg 1241w\" sizes=\"auto, (max-width: 212px) 100vw, 212px\" \/><\/a><\/p>\n<p>\u00a1Difunde y acude! \u00a1No es una guerra, es un genocidio!<\/p>\n<p>&nbsp;<\/p>\n<p>&nbsp;<\/p>\n<p>&nbsp;<\/p>\n<\/div>\n<\/div>\n<\/div>\n<\/div>\n<\/div>\n<\/div>\n<\/div>\n<\/div>\n<div class=\"gA gt acV\">\n<div class=\"gB xu\">\n<div class=\"ip iq\">\n<div id=\":19i\"><\/div>\n<\/div>\n<\/div>\n<\/div>\n","protected":false},"excerpt":{"rendered":"<p>Desde CGT Cantabria os informamos que La Plataforma C\u00e1ntabra de apoyo a la Flotilla de la Libertad, formada por colectivos y personas con el objetivo de recibir y acompa\u00f1ar a la tripulaci\u00f3n del \u2018Handala\u2019 en su escala en Cantabria rumbo &hellip; <a href=\"https:\/\/cgtcantabria.org\/wp\/?p=10999\">Sigue leyendo <span class=\"meta-nav\">&rarr;<\/span><\/a><\/p>\n","protected":false},"author":19,"featured_media":0,"comment_status":"closed","ping_status":"closed","sticky":false,"template":"","format":"standard","meta":{"footnotes":""},"categories":[16],"tags":[],"class_list":["post-10999","post","type-post","status-publish","format-standard","hentry","category-accion-social"],"_links":{"self":[{"href":"https:\/\/cgtcantabria.org\/wp\/index.php?rest_route=\/wp\/v2\/posts\/10999","targetHints":{"allow":["GET"]}}],"collection":[{"href":"https:\/\/cgtcantabria.org\/wp\/index.php?rest_route=\/wp\/v2\/posts"}],"about":[{"href":"https:\/\/cgtcantabria.org\/wp\/index.php?rest_route=\/wp\/v2\/types\/post"}],"author":[{"embeddable":true,"href":"https:\/\/cgtcantabria.org\/wp\/index.php?rest_route=\/wp\/v2\/users\/19"}],"replies":[{"embeddable":true,"href":"https:\/\/cgtcantabria.org\/wp\/index.php?rest_route=%2Fwp%2Fv2%2Fcomments&post=10999"}],"version-history":[{"count":1,"href":"https:\/\/cgtcantabria.org\/wp\/index.php?rest_route=\/wp\/v2\/posts\/10999\/revisions"}],"predecessor-version":[{"id":11004,"href":"https:\/\/cgtcantabria.org\/wp\/index.php?rest_route=\/wp\/v2\/posts\/10999\/revisions\/11004"}],"wp:attachment":[{"href":"https:\/\/cgtcantabria.org\/wp\/index.php?rest_route=%2Fwp%2Fv2%2Fmedia&parent=10999"}],"wp:term":[{"taxonomy":"category","embeddable":true,"href":"https:\/\/cgtcantabria.org\/wp\/index.php?rest_route=%2Fwp%2Fv2%2Fcategories&post=10999"},{"taxonomy":"post_tag","embeddable":true,"href":"https:\/\/cgtcantabria.org\/wp\/index.php?rest_route=%2Fwp%2Fv2%2Ftags&post=10999"}],"curies":[{"name":"wp","href":"https:\/\/api.w.org\/{rel}","templated":true}]}}