{"id":11379,"date":"2026-04-28T18:48:57","date_gmt":"2026-04-28T17:48:57","guid":{"rendered":"https:\/\/cgtcantabria.org\/wp\/?p=11379"},"modified":"2026-04-28T18:48:57","modified_gmt":"2026-04-28T17:48:57","slug":"28-abril-dia-internacional-de-la-salud-y-la-seguridad-en-el-trabajo","status":"publish","type":"post","link":"https:\/\/cgtcantabria.org\/wp\/?p=11379","title":{"rendered":"28 Abril, D\u00eda Internacional de la Salud y la Seguridad en el Trabajo"},"content":{"rendered":"<p style=\"text-align: left;\"><strong>Nuestras vidas valen m\u00e1s que sus beneficios.<a href=\"https:\/\/cgtcantabria.org\/wp\/wp-content\/uploads\/2026\/04\/WhatsApp-Image-2026-04-28-at-11.18.58.jpeg\"><img loading=\"lazy\" decoding=\"async\" class=\"size-medium wp-image-11381 alignleft\" src=\"https:\/\/cgtcantabria.org\/wp\/wp-content\/uploads\/2026\/04\/WhatsApp-Image-2026-04-28-at-11.18.58-212x300.jpeg\" alt=\"\" width=\"212\" height=\"300\" srcset=\"https:\/\/cgtcantabria.org\/wp\/wp-content\/uploads\/2026\/04\/WhatsApp-Image-2026-04-28-at-11.18.58-212x300.jpeg 212w, https:\/\/cgtcantabria.org\/wp\/wp-content\/uploads\/2026\/04\/WhatsApp-Image-2026-04-28-at-11.18.58-724x1024.jpeg 724w, https:\/\/cgtcantabria.org\/wp\/wp-content\/uploads\/2026\/04\/WhatsApp-Image-2026-04-28-at-11.18.58-768x1086.jpeg 768w, https:\/\/cgtcantabria.org\/wp\/wp-content\/uploads\/2026\/04\/WhatsApp-Image-2026-04-28-at-11.18.58-1086x1536.jpeg 1086w, https:\/\/cgtcantabria.org\/wp\/wp-content\/uploads\/2026\/04\/WhatsApp-Image-2026-04-28-at-11.18.58.jpeg 1131w\" sizes=\"auto, (max-width: 212px) 100vw, 212px\" \/><\/a><\/strong><\/p>\n<p style=\"text-align: left;\">Hoy 28 de abril, D\u00eda Internacional de la Salud y la Seguridad en el Trabajo, desde la Confederaci\u00f3n General del Trabajo (CGT), denunciamos que las muertes en el trabajo no son \u201caccidentes\u201d, son asesinatos. La clase trabajadora seguimos enfermando y muriendo, mientras la patronal y los gobiernos nos venden \u201cprevenci\u00f3n\u201d, \u201cavances laborales\u201d y \u201cderechos sociales\u201d enriqueci\u00e9ndose a costa de nuestra propia vida. La explotaci\u00f3n con jornadas agotadoras y ritmos fren\u00e9ticos, sumada a la precariedad y la amenaza del desempleo, se han convertido en herramientas que destruyen a personas trabajadoras y familias. Es un sistema que protege los \u201cbeneficios econ\u00f3micos\u201d de la patronal por encima de la integridad f\u00edsica y psicol\u00f3gica de la clase trabajadora.<br \/>\nComo c\u00f3mplices de estas agresiones, las Mutuas, justificando acciones contrarias a<br \/>\nnuestra salud y recuperaci\u00f3n, son contratadas por la misma empresa donde sufrimos<br \/>\naccidentes o enfermedades. \u00c9stas invisibilizan enfermedades profesionales, dan altas<br \/>\nprematuras, no reconocen lesiones claramente laborales,&#8230; a la vez que intentan<br \/>\nvender una imagen fraudulenta de las dolencias de trabajadores y trabajadoras.<br \/>\nLa alianza existente entre el capital y el sistema patriarcal aboca a miles de mujeres<br \/>\ntrabajadoras a sufrir una doble explotaci\u00f3n que incide en su salud f\u00edsica y mental. No<br \/>\nreconociendo aquellas enfermedades derivadas de trabajos m\u00e1s feminizados.<br \/>\nDesde CGT exigimos, entornos laborales libres de violencias machistas en todos sus<br \/>\neslabones.<br \/>\nEl estr\u00e9s, la ansiedad, el s\u00edndrome de Burnout, las enfermedades mentales, no son<br \/>\ndebilidades personales. Son las marcas de a\u00f1os bajo el yugo de un sistema que nos<br \/>\nrompe. Nos atiborran de f\u00e1rmacos sin ir a la causa de la enfermedad, el Capitalismo<br \/>\nque nos explota. Y es ah\u00ed donde la CGT debe incidir en encontrar el camino, con la<br \/>\ndefensa de derechos y mejoras, como la Reducci\u00f3n de la jornada laboral de 30 horas.<br \/>\nDesde CGT, denunciamos el terrorismo patronal y la precariedad. Con organizaci\u00f3n<br \/>\nsindical, lucha de clase y acci\u00f3n directa, conseguiremos avances.<br \/>\nEste 28 de abril hacemos un llamamiento a la clase trabajadora para que tome<br \/>\nconciencia y se movilice en las calles y en los trabajos contra el abuso y la<br \/>\nexplotaci\u00f3n que nos enferma y nos hace jugarnos la vida.<br \/>\nNi muertas ni enfermas ni explotadas. \u00a1Exigimos vidas que<br \/>\nmerezcan ser vividas!<\/p>\n","protected":false},"excerpt":{"rendered":"<p>Nuestras vidas valen m\u00e1s que sus beneficios. Hoy 28 de abril, D\u00eda Internacional de la Salud y la Seguridad en el Trabajo, desde la Confederaci\u00f3n General del Trabajo (CGT), denunciamos que las muertes en el trabajo no son \u201caccidentes\u201d, son &hellip; <a href=\"https:\/\/cgtcantabria.org\/wp\/?p=11379\">Sigue leyendo <span class=\"meta-nav\">&rarr;<\/span><\/a><\/p>\n","protected":false},"author":19,"featured_media":0,"comment_status":"closed","ping_status":"closed","sticky":false,"template":"","format":"standard","meta":{"footnotes":""},"categories":[16],"tags":[],"class_list":["post-11379","post","type-post","status-publish","format-standard","hentry","category-accion-social"],"_links":{"self":[{"href":"https:\/\/cgtcantabria.org\/wp\/index.php?rest_route=\/wp\/v2\/posts\/11379","targetHints":{"allow":["GET"]}}],"collection":[{"href":"https:\/\/cgtcantabria.org\/wp\/index.php?rest_route=\/wp\/v2\/posts"}],"about":[{"href":"https:\/\/cgtcantabria.org\/wp\/index.php?rest_route=\/wp\/v2\/types\/post"}],"author":[{"embeddable":true,"href":"https:\/\/cgtcantabria.org\/wp\/index.php?rest_route=\/wp\/v2\/users\/19"}],"replies":[{"embeddable":true,"href":"https:\/\/cgtcantabria.org\/wp\/index.php?rest_route=%2Fwp%2Fv2%2Fcomments&post=11379"}],"version-history":[{"count":1,"href":"https:\/\/cgtcantabria.org\/wp\/index.php?rest_route=\/wp\/v2\/posts\/11379\/revisions"}],"predecessor-version":[{"id":11382,"href":"https:\/\/cgtcantabria.org\/wp\/index.php?rest_route=\/wp\/v2\/posts\/11379\/revisions\/11382"}],"wp:attachment":[{"href":"https:\/\/cgtcantabria.org\/wp\/index.php?rest_route=%2Fwp%2Fv2%2Fmedia&parent=11379"}],"wp:term":[{"taxonomy":"category","embeddable":true,"href":"https:\/\/cgtcantabria.org\/wp\/index.php?rest_route=%2Fwp%2Fv2%2Fcategories&post=11379"},{"taxonomy":"post_tag","embeddable":true,"href":"https:\/\/cgtcantabria.org\/wp\/index.php?rest_route=%2Fwp%2Fv2%2Ftags&post=11379"}],"curies":[{"name":"wp","href":"https:\/\/api.w.org\/{rel}","templated":true}]}}