{"id":11383,"date":"2026-04-28T19:10:04","date_gmt":"2026-04-28T18:10:04","guid":{"rendered":"https:\/\/cgtcantabria.org\/wp\/?p=11383"},"modified":"2026-04-28T19:10:04","modified_gmt":"2026-04-28T18:10:04","slug":"1o-de-mayo-anarcosindicalista-frente-a-la-extrema-derecha-y-las-guerras-del-capitalismo","status":"publish","type":"post","link":"https:\/\/cgtcantabria.org\/wp\/?p=11383","title":{"rendered":"1\u00ba DE MAYO ANARCOSINDICALISTA FRENTE A LA EXTREMA DERECHA Y LAS GUERRAS DEL CAPITALISMO"},"content":{"rendered":"<p><a href=\"https:\/\/cgtcantabria.org\/wp\/wp-content\/uploads\/2026\/04\/MANIFESTACION-1200-H.jpg\"><img loading=\"lazy\" decoding=\"async\" class=\"size-medium wp-image-11385 alignleft\" src=\"https:\/\/cgtcantabria.org\/wp\/wp-content\/uploads\/2026\/04\/MANIFESTACION-1200-H-300x212.jpg\" alt=\"\" width=\"300\" height=\"212\" srcset=\"https:\/\/cgtcantabria.org\/wp\/wp-content\/uploads\/2026\/04\/MANIFESTACION-1200-H-300x212.jpg 300w, https:\/\/cgtcantabria.org\/wp\/wp-content\/uploads\/2026\/04\/MANIFESTACION-1200-H-1024x724.jpg 1024w, https:\/\/cgtcantabria.org\/wp\/wp-content\/uploads\/2026\/04\/MANIFESTACION-1200-H-768x543.jpg 768w, https:\/\/cgtcantabria.org\/wp\/wp-content\/uploads\/2026\/04\/MANIFESTACION-1200-H-1536x1086.jpg 1536w, https:\/\/cgtcantabria.org\/wp\/wp-content\/uploads\/2026\/04\/MANIFESTACION-1200-H.jpg 2000w\" sizes=\"auto, (max-width: 300px) 100vw, 300px\" \/><\/a>En un contexto global de guerra y deshumanizaci\u00f3n, que camina de la mano del crecimiento del fascismo de la extrema derecha internacional, vemos como la apropiaci\u00f3n por la fuerza de los recursos y territorios ajenos nos retrotraen a las pol\u00edticas belicistas de principios del SXX. Estando hoy m\u00e1s cerca que nunca de una nueva \u201cguerra mundial \u201c y un desastre nuclear. Las \u00e9lites econ\u00f3micas y el gobierno de EEUU regresan a los tiempos de la doctrina Monroe, amenazando a todo el continente americano. Y, junto con el Estado sionista de Israel, rompen las escasas normas del Derecho internacional, provocan desplazamiento de millones de personas, destruyen infraestructuras de todo tipo, masacran poblaciones indefensas, bombardean escuelas, hospitales&#8230; Provocando un Genocidio en Palestina y extendiendo la muerte y la destrucci\u00f3n en el L\u00edbano, Ir\u00e1n y todo Oriente Medio.<br \/>\nNo olvidamos a los pueblos del Kurdist\u00e1n, Ucrania, Sud\u00e1n, el S\u00e1hara y tantos otros lugares<br \/>\nque sufren guerras y exterminio por estados belicistas.<br \/>\nUna peque\u00f1a \u00e9lite capitalista se ha hecho con el control de la poblaci\u00f3n mundial, mediante<br \/>\nla manipulaci\u00f3n, el enga\u00f1o, la amenaza y la violencia. Vulnerando los derechos humanos y<br \/>\nsociales de la clase trabajadora y de la poblaci\u00f3n en general. Atacando a colectivos por motivos ideol\u00f3gicos: ecologistas, personas migrantes, racializadas, feministas, trans o cualquier persona diferente.<\/p>\n<p>Desde la Confederaci\u00f3n General del Trabajo, como organizaci\u00f3n combativa y anarcosindicalista, impulsamos la unidad de clase y el encuentro del antifascismo y el antimilitarismo.<br \/>\nSin esta unidad de acci\u00f3n no podremos hacer frente a este capitalismo salvaje que nos atenazay divide.<br \/>\nCGT somos la organizaci\u00f3n que m\u00e1s luchas y huelgas promueve en todo el Estado.<br \/>\nCombatimos la p\u00e9rdida del poder salarial por la subida de los precios, la precariedad en el<br \/>\nempleo, la siniestralidad en el trabajo, la brecha salarial de las mujeres, la privatizaci\u00f3n de<br \/>\ntodos los servicios p\u00fablicos, la destrucci\u00f3n del medio ambiente y los gastos militares.<br \/>\n\u2022 Defendemos unas pensiones p\u00fablicas dignas y sin brecha salarial. Denunciamos su privatizaci\u00f3n.<br \/>\n\u2022 Defendemos la reducci\u00f3n de la jornada laboral a 30 horas.<br \/>\n\u2022 Defendemos el derecho a una vivienda digna para todas las personas.<br \/>\n\u2022 Defendemos el derecho de regularizaci\u00f3n de personas migrantes, una de las poblaciones m\u00e1s discriminadas junto a otros grupos racializados.<br \/>\n\u2022 CGT no olvida este 1\u00ba de mayo el aumento de la violencia de g\u00e9nero sufrida por las mujeres y sus descendientes. Exigimos el fin de esta lacra y de la sociedad patriarcal.<br \/>\n\u2022 CGT apuesta por la lucha en nuestros centros de trabajo y en las calles. Solo mediante la organizaci\u00f3n y el apoyo mutuo lograremos barrer las desigualdades que nos impone el capitalismo y el\u00a0patriarcado.<\/p>\n<p><strong>FRENTE A LA EXTREMA DERECHA: ORGANIZACI\u00d3N Y LUCHA<\/strong><br \/>\n<strong>FRENTE AL IMPERIALISMO : UNIDAD DE LA CLASE OBRERA Y ANARCOSINDICALISMO\u00a0\u00a0\u00a0\u00a0<\/strong><\/p>\n","protected":false},"excerpt":{"rendered":"<p>En un contexto global de guerra y deshumanizaci\u00f3n, que camina de la mano del crecimiento del fascismo de la extrema derecha internacional, vemos como la apropiaci\u00f3n por la fuerza de los recursos y territorios ajenos nos retrotraen a las pol\u00edticas &hellip; <a href=\"https:\/\/cgtcantabria.org\/wp\/?p=11383\">Sigue leyendo <span class=\"meta-nav\">&rarr;<\/span><\/a><\/p>\n","protected":false},"author":19,"featured_media":0,"comment_status":"closed","ping_status":"closed","sticky":false,"template":"","format":"standard","meta":{"footnotes":""},"categories":[16],"tags":[],"class_list":["post-11383","post","type-post","status-publish","format-standard","hentry","category-accion-social"],"_links":{"self":[{"href":"https:\/\/cgtcantabria.org\/wp\/index.php?rest_route=\/wp\/v2\/posts\/11383","targetHints":{"allow":["GET"]}}],"collection":[{"href":"https:\/\/cgtcantabria.org\/wp\/index.php?rest_route=\/wp\/v2\/posts"}],"about":[{"href":"https:\/\/cgtcantabria.org\/wp\/index.php?rest_route=\/wp\/v2\/types\/post"}],"author":[{"embeddable":true,"href":"https:\/\/cgtcantabria.org\/wp\/index.php?rest_route=\/wp\/v2\/users\/19"}],"replies":[{"embeddable":true,"href":"https:\/\/cgtcantabria.org\/wp\/index.php?rest_route=%2Fwp%2Fv2%2Fcomments&post=11383"}],"version-history":[{"count":1,"href":"https:\/\/cgtcantabria.org\/wp\/index.php?rest_route=\/wp\/v2\/posts\/11383\/revisions"}],"predecessor-version":[{"id":11386,"href":"https:\/\/cgtcantabria.org\/wp\/index.php?rest_route=\/wp\/v2\/posts\/11383\/revisions\/11386"}],"wp:attachment":[{"href":"https:\/\/cgtcantabria.org\/wp\/index.php?rest_route=%2Fwp%2Fv2%2Fmedia&parent=11383"}],"wp:term":[{"taxonomy":"category","embeddable":true,"href":"https:\/\/cgtcantabria.org\/wp\/index.php?rest_route=%2Fwp%2Fv2%2Fcategories&post=11383"},{"taxonomy":"post_tag","embeddable":true,"href":"https:\/\/cgtcantabria.org\/wp\/index.php?rest_route=%2Fwp%2Fv2%2Ftags&post=11383"}],"curies":[{"name":"wp","href":"https:\/\/api.w.org\/{rel}","templated":true}]}}