{"id":1381,"date":"2013-06-04T18:24:34","date_gmt":"2013-06-04T16:24:34","guid":{"rendered":"http:\/\/cgtcantabria.org\/wp\/?p=1381"},"modified":"2013-06-04T18:24:34","modified_gmt":"2013-06-04T16:24:34","slug":"jornada-sobre-la-renta-basica","status":"publish","type":"post","link":"https:\/\/cgtcantabria.org\/wp\/?p=1381","title":{"rendered":"Jornada sobre \u00abLa Renta B\u00e1sica\u00bb"},"content":{"rendered":"<p><span style=\"color: #0000ff;\">\u00a0\u00a0\u00a0\u00a0 Os hacemos llegar la informaci\u00f3n sobre la Jornada \u00abLa Renta B\u00e1sica en<\/span><br \/>\n<span style=\"color: #0000ff;\"> tiempos de recortes sociales\u00bb que se desarrollara el d\u00eda 8 de junio en<\/span><br \/>\n<span style=\"color: #0000ff;\"> el Sal\u00f3n de Actos de CCOO en Santander.<\/span><\/p>\n<p style=\"text-align: center;\"><a href=\"http:\/\/cgtcantabria.org\/wp\/wp-content\/uploads\/2013\/05\/cartel.jpg\"><img loading=\"lazy\" decoding=\"async\" class=\" wp-image-1375 aligncenter\" alt=\"Renta B\u00e1sica\" src=\"http:\/\/cgtcantabria.org\/wp\/wp-content\/uploads\/2013\/05\/cartel-212x300.jpg\" width=\"212\" height=\"300\" srcset=\"https:\/\/cgtcantabria.org\/wp\/wp-content\/uploads\/2013\/05\/cartel-212x300.jpg 212w, https:\/\/cgtcantabria.org\/wp\/wp-content\/uploads\/2013\/05\/cartel.jpg 550w\" sizes=\"auto, (max-width: 212px) 100vw, 212px\" \/><\/a><\/p>\n<p><span style=\"color: #0000ff;\">La jornada, con sesiones de ma\u00f1ana y tarde contar\u00e1 con la participaci\u00f3n<\/span><br \/>\n<span style=\"color: #0000ff;\"> del presidente de la Red Renta B\u00e1sica, Daniel Ravent\u00f3s, del miembro de<\/span><br \/>\n<span style=\"color: #0000ff;\"> la Mesa C\u00edvica por la Renta, Jos\u00e9 Iglesias, y de los t\u00e9cnicos de<\/span><br \/>\n<span style=\"color: #0000ff;\"> Servicios Sociales de Atenci\u00f3n Primaria, Valent\u00edn Andr\u00e9s, Palmira<\/span><br \/>\n<span style=\"color: #0000ff;\"> Garc\u00eda y Pilar Ag\u00fcero.<\/span><\/p>\n<h2 style=\"text-align: center;\"><span style=\"color: #ff0000;\">Est\u00e1is todos invitados a participar.<\/span><\/h2>\n","protected":false},"excerpt":{"rendered":"<p>Jornada \u00abLa Renta B\u00e1sica en<br \/>\ntiempos de recortes sociales\u00bb <a href=\"https:\/\/cgtcantabria.org\/wp\/?p=1381\">Sigue leyendo <span class=\"meta-nav\">&rarr;<\/span><\/a><\/p>\n","protected":false},"author":14,"featured_media":1375,"comment_status":"open","ping_status":"open","sticky":false,"template":"","format":"standard","meta":{"footnotes":""},"categories":[1],"tags":[],"class_list":["post-1381","post","type-post","status-publish","format-standard","has-post-thumbnail","hentry","category-uncategorized"],"_links":{"self":[{"href":"https:\/\/cgtcantabria.org\/wp\/index.php?rest_route=\/wp\/v2\/posts\/1381","targetHints":{"allow":["GET"]}}],"collection":[{"href":"https:\/\/cgtcantabria.org\/wp\/index.php?rest_route=\/wp\/v2\/posts"}],"about":[{"href":"https:\/\/cgtcantabria.org\/wp\/index.php?rest_route=\/wp\/v2\/types\/post"}],"author":[{"embeddable":true,"href":"https:\/\/cgtcantabria.org\/wp\/index.php?rest_route=\/wp\/v2\/users\/14"}],"replies":[{"embeddable":true,"href":"https:\/\/cgtcantabria.org\/wp\/index.php?rest_route=%2Fwp%2Fv2%2Fcomments&post=1381"}],"version-history":[{"count":8,"href":"https:\/\/cgtcantabria.org\/wp\/index.php?rest_route=\/wp\/v2\/posts\/1381\/revisions"}],"predecessor-version":[{"id":1390,"href":"https:\/\/cgtcantabria.org\/wp\/index.php?rest_route=\/wp\/v2\/posts\/1381\/revisions\/1390"}],"wp:featuredmedia":[{"embeddable":true,"href":"https:\/\/cgtcantabria.org\/wp\/index.php?rest_route=\/wp\/v2\/media\/1375"}],"wp:attachment":[{"href":"https:\/\/cgtcantabria.org\/wp\/index.php?rest_route=%2Fwp%2Fv2%2Fmedia&parent=1381"}],"wp:term":[{"taxonomy":"category","embeddable":true,"href":"https:\/\/cgtcantabria.org\/wp\/index.php?rest_route=%2Fwp%2Fv2%2Fcategories&post=1381"},{"taxonomy":"post_tag","embeddable":true,"href":"https:\/\/cgtcantabria.org\/wp\/index.php?rest_route=%2Fwp%2Fv2%2Ftags&post=1381"}],"curies":[{"name":"wp","href":"https:\/\/api.w.org\/{rel}","templated":true}]}}