{"id":1442,"date":"2013-11-18T20:29:05","date_gmt":"2013-11-18T18:29:05","guid":{"rendered":"http:\/\/cgtcantabria.org\/wp\/?p=1442"},"modified":"2013-11-18T20:29:51","modified_gmt":"2013-11-18T18:29:51","slug":"dia-internacional-contra-la-violencia-machista-25-noviembre","status":"publish","type":"post","link":"https:\/\/cgtcantabria.org\/wp\/?p=1442","title":{"rendered":"D\u00eda Internacional contra la Violencia Machista &#8211; 25 Noviembre"},"content":{"rendered":"<p style=\"text-align: center;\"><a href=\"http:\/\/cgtcantabria.org\/wp\/wp-content\/uploads\/2013\/11\/MANI-25-NOV.-PEQUEN\u0303O.jpg\"><img loading=\"lazy\" decoding=\"async\" class=\"aligncenter  wp-image-1440\" alt=\"MANI 25 NOV. PEQUEN\u0303O\" src=\"http:\/\/cgtcantabria.org\/wp\/wp-content\/uploads\/2013\/11\/MANI-25-NOV.-PEQUEN\u0303O-1024x721.jpg\" width=\"384\" height=\"270\" srcset=\"https:\/\/cgtcantabria.org\/wp\/wp-content\/uploads\/2013\/11\/MANI-25-NOV.-PEQUEN\u0303O-1024x721.jpg 1024w, https:\/\/cgtcantabria.org\/wp\/wp-content\/uploads\/2013\/11\/MANI-25-NOV.-PEQUEN\u0303O-300x211.jpg 300w, https:\/\/cgtcantabria.org\/wp\/wp-content\/uploads\/2013\/11\/MANI-25-NOV.-PEQUEN\u0303O.jpg 1417w\" sizes=\"auto, (max-width: 384px) 100vw, 384px\" \/><\/a>Manifestaci\u00f3n Lunes 25 de noviembre a las 19:30<br \/>\nPlaza de Numancia &#8211; Plaza del Ayuntamiento<\/p>\n<div>\n<div style=\"text-align: center;\">D\u00eda Internacional contra la Violencia Machista, en la que en este a\u00f1o denunciamos c\u00f3mo no s\u00f3lo no hemos avanzado nada en cuanto a medidas encaminadas a la erradicaci\u00f3n de la violencia, sino que esas medidas ( dependencia, aborto, derechos laborales, educaci\u00f3n, sanidad) se han visto recortadas a trav\u00e9s de las leyes que el gobierno va reformando.<\/div>\n<p style=\"text-align: center;\">Por lo tanto declaramos p\u00fablicamente que \u201cTodo esto es violencia de estado\u201d. Exigimos y gritamos \u00a1BASTA YA!<br \/>\n<a href=\"http:\/\/cgtcantabria.org\/wp\/wp-content\/uploads\/2013\/11\/20131028_Cartel-A2-25N-2013-castellano.jpg\"><img loading=\"lazy\" decoding=\"async\" class=\"aligncenter  wp-image-1434\" alt=\"20131028_Cartel A2 25N 2013 castellano\" src=\"http:\/\/cgtcantabria.org\/wp\/wp-content\/uploads\/2013\/11\/20131028_Cartel-A2-25N-2013-castellano.jpg\" width=\"480\" height=\"340\" srcset=\"https:\/\/cgtcantabria.org\/wp\/wp-content\/uploads\/2013\/11\/20131028_Cartel-A2-25N-2013-castellano.jpg 800w, https:\/\/cgtcantabria.org\/wp\/wp-content\/uploads\/2013\/11\/20131028_Cartel-A2-25N-2013-castellano-300x212.jpg 300w\" sizes=\"auto, (max-width: 480px) 100vw, 480px\" \/><\/a><\/p>\n<\/div>\n","protected":false},"excerpt":{"rendered":"<p>Manifestaci\u00f3n Lunes 25 de noviembre a las 19:30 Plaza de Numancia &#8211; Plaza del Ayuntamiento D\u00eda Internacional contra la Violencia Machista, en la que en este a\u00f1o denunciamos c\u00f3mo no s\u00f3lo no hemos avanzado nada en cuanto a medidas encaminadas &hellip; <a href=\"https:\/\/cgtcantabria.org\/wp\/?p=1442\">Sigue leyendo <span class=\"meta-nav\">&rarr;<\/span><\/a><\/p>\n","protected":false},"author":13,"featured_media":0,"comment_status":"open","ping_status":"open","sticky":false,"template":"","format":"standard","meta":{"footnotes":""},"categories":[1],"tags":[],"class_list":["post-1442","post","type-post","status-publish","format-standard","hentry","category-uncategorized"],"_links":{"self":[{"href":"https:\/\/cgtcantabria.org\/wp\/index.php?rest_route=\/wp\/v2\/posts\/1442","targetHints":{"allow":["GET"]}}],"collection":[{"href":"https:\/\/cgtcantabria.org\/wp\/index.php?rest_route=\/wp\/v2\/posts"}],"about":[{"href":"https:\/\/cgtcantabria.org\/wp\/index.php?rest_route=\/wp\/v2\/types\/post"}],"author":[{"embeddable":true,"href":"https:\/\/cgtcantabria.org\/wp\/index.php?rest_route=\/wp\/v2\/users\/13"}],"replies":[{"embeddable":true,"href":"https:\/\/cgtcantabria.org\/wp\/index.php?rest_route=%2Fwp%2Fv2%2Fcomments&post=1442"}],"version-history":[{"count":2,"href":"https:\/\/cgtcantabria.org\/wp\/index.php?rest_route=\/wp\/v2\/posts\/1442\/revisions"}],"predecessor-version":[{"id":1444,"href":"https:\/\/cgtcantabria.org\/wp\/index.php?rest_route=\/wp\/v2\/posts\/1442\/revisions\/1444"}],"wp:attachment":[{"href":"https:\/\/cgtcantabria.org\/wp\/index.php?rest_route=%2Fwp%2Fv2%2Fmedia&parent=1442"}],"wp:term":[{"taxonomy":"category","embeddable":true,"href":"https:\/\/cgtcantabria.org\/wp\/index.php?rest_route=%2Fwp%2Fv2%2Fcategories&post=1442"},{"taxonomy":"post_tag","embeddable":true,"href":"https:\/\/cgtcantabria.org\/wp\/index.php?rest_route=%2Fwp%2Fv2%2Ftags&post=1442"}],"curies":[{"name":"wp","href":"https:\/\/api.w.org\/{rel}","templated":true}]}}