{"id":1909,"date":"2014-05-21T11:37:46","date_gmt":"2014-05-21T09:37:46","guid":{"rendered":"http:\/\/cgtcantabria.org\/wp\/?p=1909"},"modified":"2014-05-21T11:37:46","modified_gmt":"2014-05-21T09:37:46","slug":"iniciativa-popular-por-una-renta-basica","status":"publish","type":"post","link":"https:\/\/cgtcantabria.org\/wp\/?p=1909","title":{"rendered":"Iniciativa Popular por una Renta B\u00e1sica"},"content":{"rendered":"<p style=\"text-align: justify;\">Cgt miembro acti<img loading=\"lazy\" decoding=\"async\" class=\"alignleft wp-image-1860 size-thumbnail\" src=\"http:\/\/cgtcantabria.org\/wp\/wp-content\/uploads\/2014\/05\/santander-150x150.jpg\" alt=\"santander\" width=\"150\" height=\"150\" \/>vo del grupo promotor ILP renta b\u00e1sica realiz\u00f3 dos charlas-debate el 14 y 15 de mayo en Santander y Torrelavega. Actos informativos sobre la ILP Renta B\u00e1sica<\/p>\n<p style=\"text-align: justify;\">El grupo promotor de Cantabria, conformado por distintas organizaciones, contin\u00faa con los actos de sensibilizaci\u00f3n y recogida de firmas de la Iniciativa Legislativa Popular por una Renta B\u00e1sica.<\/p>\n<p style=\"text-align: justify;\">El Grupo Promotor de la Iniciativa Legislativa Popular (ILP) por una Renta B\u00e1sica estuvo presente en Santander y Torrelavega con actos informativos sobre la Iniciativa que se puso en marcha el pasado <img loading=\"lazy\" decoding=\"async\" class=\"alignleft size-medium wp-image-1910\" src=\"http:\/\/cgtcantabria.org\/wp\/wp-content\/uploads\/2014\/05\/DSC_0007-300x168.jpg\" alt=\"DSC_0007\" width=\"300\" height=\"168\" srcset=\"https:\/\/cgtcantabria.org\/wp\/wp-content\/uploads\/2014\/05\/DSC_0007-300x168.jpg 300w, https:\/\/cgtcantabria.org\/wp\/wp-content\/uploads\/2014\/05\/DSC_0007-1024x575.jpg 1024w\" sizes=\"auto, (max-width: 300px) 100vw, 300px\" \/>enero a cargo del Movimiento Contra el Paro y la Precariedad, en ambos actos se recogieron firmas.<\/p>\n<p style=\"text-align: justify;\">Ambos actos contaron con la participaci\u00f3n de Manuel S\u00e1ez Bayona, miembro del colectivo Baladre y activo del Movimiento, En Santander la charla se realizo el d\u00eda 14 en la Plaza de Pombo a partir de las siete y media de la tarde.<\/p>\n<p style=\"text-align: justify;\">El Jueves el 15 el emplaz<img loading=\"lazy\" decoding=\"async\" class=\"alignleft  wp-image-1915\" src=\"http:\/\/cgtcantabria.org\/wp\/wp-content\/uploads\/2014\/05\/DSC_0019-300x168.jpg\" alt=\"DSC_0019\" width=\"300\" height=\"177\" \/>amiento elegido fue el Centro Social \u00cdtaca de Torrelavega situado en la Calle Herminio Alcalde del R\u00edo y comenz\u00f3 a las ocho de la tarde.<\/p>\n<p style=\"text-align: justify;\">El objetivo del Movimiento es q<img loading=\"lazy\" decoding=\"async\" class=\"alignleft size-medium wp-image-1914\" src=\"http:\/\/cgtcantabria.org\/wp\/wp-content\/uploads\/2014\/05\/DSC_0015-300x168.jpg\" alt=\"DSC_0015\" width=\"300\" height=\"168\" srcset=\"https:\/\/cgtcantabria.org\/wp\/wp-content\/uploads\/2014\/05\/DSC_0015-300x168.jpg 300w, https:\/\/cgtcantabria.org\/wp\/wp-content\/uploads\/2014\/05\/DSC_0015-1024x575.jpg 1024w\" sizes=\"auto, (max-width: 300px) 100vw, 300px\" \/>ue la reivindicaci\u00f3n de un ingreso universal por encima del umbral de la pobreza se convierta en una de las claves de la acci\u00f3n social y ciudadana por la dignidad.<\/p>\n<p style=\"text-align: justify;\">El Congreso de los Diputados admiti\u00f3 a tr\u00e1mite la ILP por una Renta B\u00e1sica el pasado 14 de marzo, fecha que abre el plazo de nueve meses de que dispone la ciudadan\u00eda para reunir m\u00e1s de quinientas mil firmas v\u00e1lidas que obliguen al poder legislativo a tramitar la aprobaci\u00f3n o no del texto propuesto.<\/p>\n<p style=\"text-align: justify;\">Estos encuentros son la conti<img loading=\"lazy\" decoding=\"async\" class=\"alignleft size-medium wp-image-1912\" src=\"http:\/\/cgtcantabria.org\/wp\/wp-content\/uploads\/2014\/05\/DSC_0009-300x168.jpg\" alt=\"DSC_0009\" width=\"300\" height=\"168\" srcset=\"https:\/\/cgtcantabria.org\/wp\/wp-content\/uploads\/2014\/05\/DSC_0009-300x168.jpg 300w, https:\/\/cgtcantabria.org\/wp\/wp-content\/uploads\/2014\/05\/DSC_0009-1024x575.jpg 1024w\" sizes=\"auto, (max-width: 300px) 100vw, 300px\" \/>nuidad de las acciones y recogida de firmas que el<img loading=\"lazy\" decoding=\"async\" class=\"alignright wp-image-1911 \" src=\"http:\/\/cgtcantabria.org\/wp\/wp-content\/uploads\/2014\/05\/DSC_0029-168x300.jpg\" alt=\"DSC_0029\" width=\"156\" height=\"296\" \/> Grupo Promotor va a ir desarrollando durante estos ocho meses, donde el objetivo que se ha marcado es conseguir las diez mil firmas, que son las que corresponden por ratio de poblaci\u00f3n en Cantabria.<\/p>\n<p style=\"text-align: justify;\">La iniciativa propone un modelo de renta b\u00e1sica universal e incondicional implementado en dos fases, una primera de urgencia para que ninguna persona se quede sin cobertura econ\u00f3mica por debajo del umbral de la pobreza (645 euros al mes), y una segunda que consistir\u00e1 en la extensi\u00f3n del derecho a todos los ciudadanos y ciudadanas.<\/p>\n<p style=\"text-align: justify;\"><a title=\"Renta B\u00e1sica Santander Manolo S\u00e1ez Bayona, Baladre\" href=\"http:\/\/youtu.be\/QJHgUDi1o4M\">Video acto Renta B\u00e1sica Santander. Manolo S\u00e1ez Bayona 1\u00aa Parte<\/a><\/p>\n<p style=\"text-align: justify;\"><a title=\"Renta B\u00e1sica Santander Manolo S\u00e1ez Bayona, Baladre\" href=\"http:\/\/youtu.be\/utLg6KpDtQM\">Video acto Renta B\u00e1sica Santander. Manolo S\u00e1ez Bayona 2\u00aa Parte<\/a><\/p>\n<h2 style=\"text-align: justify;\"><span style=\"color: #ff0000;\">Acto en el Centro Social Itaca Torrelavega.<\/span><\/h2>\n<p style=\"text-align: justify;\"><a href=\"http:\/\/cgtcantabria.org\/wp\/wp-content\/uploads\/2014\/05\/DSC_0041-copia.jpg\"><img loading=\"lazy\" decoding=\"async\" class=\"alignleft wp-image-1924 size-medium\" src=\"http:\/\/cgtcantabria.org\/wp\/wp-content\/uploads\/2014\/05\/DSC_0041-copia-300x168.jpg\" alt=\"DSC_0041 - copia\" width=\"300\" height=\"168\" srcset=\"https:\/\/cgtcantabria.org\/wp\/wp-content\/uploads\/2014\/05\/DSC_0041-copia-300x168.jpg 300w, https:\/\/cgtcantabria.org\/wp\/wp-content\/uploads\/2014\/05\/DSC_0041-copia-1024x575.jpg 1024w\" sizes=\"auto, (max-width: 300px) 100vw, 300px\" \/><\/a><\/p>\n<p style=\"text-align: justify;\">\u00a0 <a href=\"http:\/\/cgtcantabria.org\/wp\/wp-content\/uploads\/2014\/05\/DSC_0045.jpg\"><img loading=\"lazy\" decoding=\"async\" class=\"alignleft size-medium wp-image-1923\" src=\"http:\/\/cgtcantabria.org\/wp\/wp-content\/uploads\/2014\/05\/DSC_0045-300x168.jpg\" alt=\"DSC_0045\" width=\"300\" height=\"168\" srcset=\"https:\/\/cgtcantabria.org\/wp\/wp-content\/uploads\/2014\/05\/DSC_0045-300x168.jpg 300w, https:\/\/cgtcantabria.org\/wp\/wp-content\/uploads\/2014\/05\/DSC_0045-1024x575.jpg 1024w\" sizes=\"auto, (max-width: 300px) 100vw, 300px\" \/><\/a><\/p>\n<p style=\"text-align: justify;\"><a href=\"http:\/\/cgtcantabria.org\/wp\/wp-content\/uploads\/2014\/05\/DSC_0043.jpg\"><img loading=\"lazy\" decoding=\"async\" class=\"alignleft size-medium wp-image-1921\" src=\"http:\/\/cgtcantabria.org\/wp\/wp-content\/uploads\/2014\/05\/DSC_0043-300x168.jpg\" alt=\"DSC_0043\" width=\"300\" height=\"168\" srcset=\"https:\/\/cgtcantabria.org\/wp\/wp-content\/uploads\/2014\/05\/DSC_0043-300x168.jpg 300w, https:\/\/cgtcantabria.org\/wp\/wp-content\/uploads\/2014\/05\/DSC_0043-1024x575.jpg 1024w\" sizes=\"auto, (max-width: 300px) 100vw, 300px\" \/><\/a><\/p>\n","protected":false},"excerpt":{"rendered":"<p>Actos en Santander y Torrelavega los d\u00edas 14 y 15 de mayo del Grupo Promotor de la ILP Renta B\u00e1sica, donde participa CGTCantabria, contaron con la presencia de Manolo S\u00e1ez Bayona de Baladre. <a href=\"https:\/\/cgtcantabria.org\/wp\/?p=1909\">Sigue leyendo <span class=\"meta-nav\">&rarr;<\/span><\/a><\/p>\n","protected":false},"author":1,"featured_media":0,"comment_status":"open","ping_status":"open","sticky":false,"template":"","format":"standard","meta":{"footnotes":""},"categories":[16,4],"tags":[],"class_list":["post-1909","post","type-post","status-publish","format-standard","hentry","category-accion-social","category-videos"],"_links":{"self":[{"href":"https:\/\/cgtcantabria.org\/wp\/index.php?rest_route=\/wp\/v2\/posts\/1909","targetHints":{"allow":["GET"]}}],"collection":[{"href":"https:\/\/cgtcantabria.org\/wp\/index.php?rest_route=\/wp\/v2\/posts"}],"about":[{"href":"https:\/\/cgtcantabria.org\/wp\/index.php?rest_route=\/wp\/v2\/types\/post"}],"author":[{"embeddable":true,"href":"https:\/\/cgtcantabria.org\/wp\/index.php?rest_route=\/wp\/v2\/users\/1"}],"replies":[{"embeddable":true,"href":"https:\/\/cgtcantabria.org\/wp\/index.php?rest_route=%2Fwp%2Fv2%2Fcomments&post=1909"}],"version-history":[{"count":7,"href":"https:\/\/cgtcantabria.org\/wp\/index.php?rest_route=\/wp\/v2\/posts\/1909\/revisions"}],"predecessor-version":[{"id":1927,"href":"https:\/\/cgtcantabria.org\/wp\/index.php?rest_route=\/wp\/v2\/posts\/1909\/revisions\/1927"}],"wp:attachment":[{"href":"https:\/\/cgtcantabria.org\/wp\/index.php?rest_route=%2Fwp%2Fv2%2Fmedia&parent=1909"}],"wp:term":[{"taxonomy":"category","embeddable":true,"href":"https:\/\/cgtcantabria.org\/wp\/index.php?rest_route=%2Fwp%2Fv2%2Fcategories&post=1909"},{"taxonomy":"post_tag","embeddable":true,"href":"https:\/\/cgtcantabria.org\/wp\/index.php?rest_route=%2Fwp%2Fv2%2Ftags&post=1909"}],"curies":[{"name":"wp","href":"https:\/\/api.w.org\/{rel}","templated":true}]}}