{"id":1950,"date":"2014-05-28T18:32:39","date_gmt":"2014-05-28T16:32:39","guid":{"rendered":"http:\/\/cgtcantabria.org\/wp\/?p=1950"},"modified":"2014-05-28T18:32:39","modified_gmt":"2014-05-28T16:32:39","slug":"la-audiencia-ratifica-condena-3-anos-de-carcel-carlos-y-carmen-entraran-en-prision-manifestacion-por-libertadcarlosycarmen","status":"publish","type":"post","link":"https:\/\/cgtcantabria.org\/wp\/?p=1950","title":{"rendered":"La audiencia ratifica condena 3 a\u00f1os de c\u00e1rcel, Carlos y Carmen entrar\u00e1n en prisi\u00f3n. Manifestaci\u00f3n por #LibertadCarlosYCarmen"},"content":{"rendered":"<p>por 15M Granada<\/p>\n<p class=\"itemRatingBlock\"><img loading=\"lazy\" decoding=\"async\" class=\"alignleft\" style=\"width: 200px; height: auto;\" src=\"http:\/\/kaosenlared.net\/media\/k2\/items\/cache\/0746216e72e400f2df5158e588f8f270_S.jpg\" alt=\"Concentraci\u00f3n frente a la Audiencia Provincial de Granada. \/ Stop Represi\u00f3n Granada \" width=\"200\" height=\"133\" \/><\/p>\n<p class=\"itemImageBlock\" style=\"float: right;\"><span class=\"itemImage\"><br \/>\n<\/span><\/p>\n<p class=\"itemImageBlock\" style=\"float: right;\">\n<p class=\"itemIntroText\">La justicia desestima el \u00faltimo recurso presentado por Carlos y Carmen, activistas del 15M de Granada, por participar en un piquete informativo en la huelga del 29M.<\/p>\n<div class=\"itemFullText\">\n<div class=\"panel-pane pane-node-body art-cuerpo\">\n<div class=\"pane-content\">\n<div class=\"field field-name-body field-type-text-with-summary field-label-hidden\">\n<div class=\"field-items\">\n<div class=\"field-item even\">\n<div class=\"entry-content\">\n<p><strong>Audiencia Provincial de Granada ha desestimado el recurso interpuesto por Carlos y Carmen<\/strong>\u00a0contra la sentencia que les condena a 3 a\u00f1os y un d\u00eda de c\u00e1rcel por participar en un piquete informativo del 15 M durante la Huelga General del 29 M de 2012. Es decir,<strong>\u00a0Carlos y Carmen entrar\u00e1n de forma inminente en prisi\u00f3n por defender los derechos de l@s trabajador@s<\/strong>, con una sentencia que los conden\u00f3 precisamente por un delito \u201ccontra el derecho de los trabajadores\u201d \u00a1Qu\u00e9 paradoja tan macabra! El sistema castiga y reprime a quien lucha por los derechos de tod@s.<\/p>\n<p>Por esto, mostrar nuestra solidaridad y apoyo a ambos es m\u00e1s necesario que nunca:\u00a0<strong>el pr\u00f3ximo viernes 30 de mayo, a las 19 h en la Subdelegaci\u00f3n de Gobierno de Granada, pidamos la no encarcelaci\u00f3n de Carlos y Carmen.\u00a0<\/strong><\/p>\n<p><strong>\u00a1\u00a1\u00a1Nos tocan a un@ nos tocan a tod@s!!!<\/strong><\/p>\n<p><strong>COMUNICADO ANTE LA INMINENTE ENTRADA EN PRISI\u00d3N DE CARLOS Y CARMEN<\/strong><\/p>\n<p>En la Huelga General del 29 de Marzo de 2012, el 15M de Granada organiz\u00f3 un piquete informativo que recorri\u00f3 las calles de la ciudad reivindicando la lucha de l@s trabajador@s contra las reformas laborales del ejecutivo. Much@s salimos a la calle ese d\u00eda al grito de \u00a1viva la lucha de l@s trabajador@s! y pidiendo a los comercios que cerraran en solidaridad con la jornada de huelga. \u00a1Chapa y se acaba! fue lo que se gritaba en los locales por los que se iba pasando, frase que no tuvo la misma consecuencia para tod@s.<\/p>\n<p>Carlos y Carmen fueron identificados aleatoriamente por la polic\u00eda en ese piquete a la salida de un bar, \u201cLa Champanger\u00eda\u201d (C\/Mart\u00ednez Campos), el cual no cerr\u00f3 sus puertas, en su interior no hubo amenazas ni actitudes violentas y no se le impidi\u00f3 a nadie que trabajase mientras que el piquete estaba all\u00ed.Posteriormente, la propietaria del local present\u00f3 una denuncia y, meses m\u00e1s tarde, en mayo de 2013, el fiscal pidi\u00f3 en el juicio una \u201csentencia ejemplarizante, no s\u00f3lo para ellos sino para que a nadie se le ocurra hacer nada parecido\u201d, algo contrario a derecho. Finalmente, el juez l@s conden\u00f3 a 3 a\u00f1os y un d\u00eda de c\u00e1rcel por un \u201cdelito contra el derecho de los trabajadores\u201d cuando, parad\u00f3jicamente, ell@s salieron a defender estos derechos y cuando no se le impidi\u00f3 a nadie trabajar. Ahora, el recurso interpuesto por Carlos y Carmen ha sido desestimado por la Audiencia Provincial de Granada, ratificando \u00e9sta la sentencia judicial condenatoria, basada \u00fanicamente en el testimonio de la propietaria del bar, sin ning\u00fan otro testigo o prueba.<\/p>\n<p>Queremos recordar que no es un caso aislado, centenares de\u00a0 personas han sido condenadas en juicios pol\u00edticos por participar en piquetes durante la Huelga General del 29 M por el mismo \u201cdelito\u201d. Adem\u00e1s, muchas personas han sido condenadas por participar en huelgas de su sector, como Ana y Tamara o Seraf\u00edn y Carlos en Galicia, Koldo en La Rioja, todas ellas condenadas sin probarse su culpabilidad. En 2014 hay m\u00e1s de 40 procesos penales abiertos contra personas por participar en huelgas, sumando un total de m\u00e1s de 140 a\u00f1os de c\u00e1rcel las peticiones de pena de la fiscal\u00eda. No nos olvidamos de Miguel e Isma, que llevan m\u00e1s de dos meses en prisi\u00f3n preventiva tras las movilizaciones en Madrid del 22M de este mismo a\u00f1o.<\/p>\n<p>Sabemos que los fiscales tienen \u00f3rdenes de llevar a los tribunales la represi\u00f3n policial de las calles, sin duda alguna estamos asistiendo a una persecuci\u00f3n contra las movilizaciones y luchas sociales propia de reg\u00edmenes autoritarios: la Ley de Tasas judiciales, el proyecto de reforma del C\u00f3digo Penal, la nueva Ley de Seguridad Ciudadana y Ley de Seguridad Privada. Sabemos que es una estrategia ideada contra las personas y movimientos que salen a luchar por sus derechos; hemos pasado de la represi\u00f3n econ\u00f3mica y administrativa, a trav\u00e9s de las multas, a la privaci\u00f3n de libertad, con la condena de a\u00f1os de c\u00e1rcel.<\/p>\n<p>Hoy han confirmado la sentencia a Carlos y Carmen. Ma\u00f1ana seguir\u00e1n en prisi\u00f3n algunos compa\u00f1eros y otros estar\u00e1n a punto de entrar. Seguiremos luchando y haciendo todo lo que est\u00e9 en nuestras manos para frenar la oleada represiva.<\/p>\n<p>Denunciamos la estrategia de represi\u00f3n y criminalizaci\u00f3n de la protesta social y exigimos la absoluci\u00f3n de los imputados y liberaci\u00f3n de l@s compa\u00f1er@s encarcelad@s.<\/p>\n<p>\u00a1FRENTE A LA REPRESI\u00d3N, LUCHA!<\/p>\n<p>\u00a1FRENTE A LA INJUSTICA, SOLIDARIDAD!<\/p>\n<p>\u00a1LA LUCHA ES EL \u00daNICO CAMINO!<\/p>\n<p><strong>\u00a1NO AL ENCARCELAMIENTO DE CARLOS Y CARMEN!<\/strong><\/p>\n<p><a href=\"http:\/\/carloscarmenabsolucion.wordpress.com\/\">http:\/\/carloscarmenabsolucion.wordpress.com\/<\/a><\/p>\n<p><strong>\u00a0<\/strong><span class=\"image-caption-container image-caption-container-none\" style=\"display: inline-block; width: 644px; height: 429px;\"><img decoding=\"async\" class=\"caption caption caption-processed\" style=\"width: 644px; height: 429px;\" title=\"Carlos y Carmen, delante del local donde fueron identificados durante el piquete. \/ EDUARDO P\u00c9REZ CORT\u00c9S\" src=\"https:\/\/www.diagonalperiodico.net\/sites\/default\/files\/07_meter_miedo_eduardo_perez_cortes_0.jpg\" alt=\"\" \/><\/span><\/p>\n<\/div>\n<\/div>\n<\/div>\n<\/div>\n<\/div>\n<\/div>\n<\/div>\n","protected":false},"excerpt":{"rendered":"<p>por 15M Granada La justicia desestima el \u00faltimo recurso presentado por Carlos y Carmen, activistas del 15M de Granada, por participar en un piquete informativo en la huelga del 29M. Audiencia Provincial de Granada ha desestimado el recurso interpuesto por &hellip; <a href=\"https:\/\/cgtcantabria.org\/wp\/?p=1950\">Sigue leyendo <span class=\"meta-nav\">&rarr;<\/span><\/a><\/p>\n","protected":false},"author":13,"featured_media":0,"comment_status":"open","ping_status":"open","sticky":false,"template":"","format":"standard","meta":{"footnotes":""},"categories":[15,16,7],"tags":[],"class_list":["post-1950","post","type-post","status-publish","format-standard","hentry","category-accion-sindical","category-accion-social","category-movilizaciones"],"_links":{"self":[{"href":"https:\/\/cgtcantabria.org\/wp\/index.php?rest_route=\/wp\/v2\/posts\/1950","targetHints":{"allow":["GET"]}}],"collection":[{"href":"https:\/\/cgtcantabria.org\/wp\/index.php?rest_route=\/wp\/v2\/posts"}],"about":[{"href":"https:\/\/cgtcantabria.org\/wp\/index.php?rest_route=\/wp\/v2\/types\/post"}],"author":[{"embeddable":true,"href":"https:\/\/cgtcantabria.org\/wp\/index.php?rest_route=\/wp\/v2\/users\/13"}],"replies":[{"embeddable":true,"href":"https:\/\/cgtcantabria.org\/wp\/index.php?rest_route=%2Fwp%2Fv2%2Fcomments&post=1950"}],"version-history":[{"count":5,"href":"https:\/\/cgtcantabria.org\/wp\/index.php?rest_route=\/wp\/v2\/posts\/1950\/revisions"}],"predecessor-version":[{"id":1955,"href":"https:\/\/cgtcantabria.org\/wp\/index.php?rest_route=\/wp\/v2\/posts\/1950\/revisions\/1955"}],"wp:attachment":[{"href":"https:\/\/cgtcantabria.org\/wp\/index.php?rest_route=%2Fwp%2Fv2%2Fmedia&parent=1950"}],"wp:term":[{"taxonomy":"category","embeddable":true,"href":"https:\/\/cgtcantabria.org\/wp\/index.php?rest_route=%2Fwp%2Fv2%2Fcategories&post=1950"},{"taxonomy":"post_tag","embeddable":true,"href":"https:\/\/cgtcantabria.org\/wp\/index.php?rest_route=%2Fwp%2Fv2%2Ftags&post=1950"}],"curies":[{"name":"wp","href":"https:\/\/api.w.org\/{rel}","templated":true}]}}