{"id":1962,"date":"2014-05-29T18:17:26","date_gmt":"2014-05-29T16:17:26","guid":{"rendered":"http:\/\/cgtcantabria.org\/wp\/?p=1962"},"modified":"2014-05-29T19:14:16","modified_gmt":"2014-05-29T17:14:16","slug":"esta-ue-es-una-fabrica-de-generar-pobreza-precariedad-y-exclusion-el-estado-espanol-juega-un-papel-destacado","status":"publish","type":"post","link":"https:\/\/cgtcantabria.org\/wp\/?p=1962","title":{"rendered":"Esta U\u20ac, es una \u201cf\u00e1brica\u201d de generar pobreza, precariedad y exclusi\u00f3n. El estado espa\u00f1ol juega un papel destacado"},"content":{"rendered":"<p style=\"text-align: center;\">COMUNICADO CONFEDERAL<\/p>\n<p style=\"text-align: left;\">La pol\u00edticas de ajuste, robo y expoliaci\u00f3n que desde el 2008 toda la clase pol\u00edtica<br \/>\nvienen imponiendo con sa\u00f1a y crueldad a las poblaciones de la U\u20ac de los mercaderes, es<br \/>\ndecir, de las grandes corporaciones y multinacionales, ha supuesto no s\u00f3lo echar al \u201ccubo<br \/>\ndel desperdicio\u201d su \u201cestrategia europea 2020\u201d, que preve\u00eda reducir en 20 millones las<br \/>\npersonas con riesgo de pobreza y\/o exclusi\u00f3n social para el 2010, sino que han sumado 9<br \/>\nmillones de personas m\u00e1s, encontr\u00e1ndonos que en el 2012, el 24,8% de las personas que<br \/>\n\u201cvivimos\u201d en la U\u20ac 28, se encontraban en riesgo de pobreza y\/o exclusi\u00f3n, es decir nada<br \/>\nmenos que 124,2 millones de personas.<a href=\"http:\/\/cgtcantabria.org\/wp\/wp-content\/uploads\/2014\/01\/17_UEdepredadora_portada400.jpg\"><img loading=\"lazy\" decoding=\"async\" class=\"alignleft wp-image-1520 size-full\" src=\"http:\/\/cgtcantabria.org\/wp\/wp-content\/uploads\/2014\/01\/17_UEdepredadora_portada400.jpg\" alt=\"17_UEdepredadora_portada400\" width=\"298\" height=\"400\" srcset=\"https:\/\/cgtcantabria.org\/wp\/wp-content\/uploads\/2014\/01\/17_UEdepredadora_portada400.jpg 298w, https:\/\/cgtcantabria.org\/wp\/wp-content\/uploads\/2014\/01\/17_UEdepredadora_portada400-223x300.jpg 223w\" sizes=\"auto, (max-width: 298px) 100vw, 298px\" \/><\/a><br \/>\nEn el Estado Espa\u00f1ol, fuera del \u201cpa\u00eds de las maravillas de Rajoy y de los grandes<br \/>\nempresarios de las empresas del Ibex 35 o el Club de la Competitividad que venden marca<br \/>\n\u201cEspa\u00f1a\u201d, la poblaci\u00f3n en riesgo de pobreza y\/o exclusi\u00f3n en el 2013 se sit\u00faa en una tasa<br \/>\ndel 27,3%, es decir, m\u00e1s de 12 millones de personas.<br \/>\nLa crueldad de la cifra, se hace a\u00fan m\u00e1s dram\u00e1tica porque no todas las personas son<br \/>\nechadas al \u201ccubo de los desperdicios\u201d por igual: los menores de 16 a\u00f1os, es decir, ni\u00f1os y ni\u00f1as, sufren m\u00e1s pobreza y m\u00e1s exclusi\u00f3n (el 31,9%), que las personas entre 16 y 64 a\u00f1os (el 29,5%), y quienes menos pobreza y exclusi\u00f3n soportan son los mayores de 65 a\u00f1os (el 14,5%).<br \/>\n\u00bfC\u00f3mo es posible que los mayores de 65 a\u00f1os sean los \u201cmenos pobres\u201d, cuando m\u00e1s<br \/>\ndel 51% de los casi 9 millones de pensionistas tienen pensiones por debajo del Salario<br \/>\nM\u00ednimo Interprofesional (8.826\u20ac anuales)?<br \/>\nPorque las pol\u00edticas de ajuste, robo y expoliaci\u00f3n, permiten bajar los salarios, es m\u00e1s,<br \/>\nlo exigen; permiten reducir las prestaciones de desempleo; encarecen la sanidad p\u00fablica y<br \/>\nencarecen la educaci\u00f3n, obligando a las personas a incrementar sus gastos en cubrir<br \/>\nnecesidades b\u00e1sicas para la vida, detray\u00e9ndoselo de recursos escasos (rentas de trabajo muy disminuidas y prestaciones sociales exiguas y cortas en el tiempo), siendo los pensionistas quienes han sufrido menores recortes, y siendo \u00e9stos quienes se est\u00e1n convirtiendo en la \u00fanica \u201cred solidaria\u201d ante la desaparici\u00f3n y desmantelamiento del \u201cestado asistencial\u201d.<\/p>\n<p style=\"text-align: left;\">A pocos d\u00edas del \u201ccirco de las elecciones a esa U\u20ac\u201d, los poderosos, los pol\u00edticos y,<br \/>\nsobre todo las grandes patronales europeas, no han variado ni un \u00e1pice sus pol\u00edticas de \u201crobo por expropiaci\u00f3n de derechos y libertades\u201d y as\u00ed, para los estados del sur, Espa\u00f1a entre ellos y de manera muy destacada, se le dice lo que debe seguir haciendo: bajar m\u00e1s los salarios, subir el IVA super-reducido, bajar a los patronos sus cotizaciones sociales y sus<br \/>\nobligaciones con la hacienda P\u00fablica, al disminuir sus impuestos de los negocios<br \/>\n(Impuesto de Sociedades).<br \/>\nLa realidad es \u201casquerosamente real\u201d: cada vez m\u00e1s empobrecidos\/as y cada vez<br \/>\nm\u00e1s millones de personas condenadas a la exclusi\u00f3n y a la miseria.<br \/>\nLa \u201calegr\u00eda en las calles de Rajoys y Sorayas\u201d y de que \u201cahora las poblaciones<br \/>\nvuelven a sentir que sus sacrificios tienen recompensa\u201d, no s\u00f3lo es mostrar el m\u00e1s absoluto<br \/>\ndesprecio por las personas (millones y millones) que lo pasan muy mal, material y<br \/>\nan\u00edmicamente, sino que se convierte en la burla m\u00e1s despreciable y la violaci\u00f3n m\u00e1s<br \/>\n\u201ccriminal\u201d contra la \u00e9tica, la inteligencia y la vida de todos nosotros y nosotras.<br \/>\nSus reglas jur\u00eddico formales, las del estado espa\u00f1ol y las de esa U\u20ac de los mercaderes<br \/>\ny los poderosos, no pueden ser modificadas desde el \u201checho del voto\u201d, como ha sucedido<br \/>\nhace pocos d\u00edas y como ha venido sucediendo hist\u00f3ricamente.<br \/>\nSus reglas formales s\u00f3lo avalan un orden social basado en la barbarie, pues construyen<br \/>\nun mundo de exclusi\u00f3n de la mayor\u00eda social y avanzan a pasos agigantados hacia la<br \/>\ndestrucci\u00f3n de las bases de la convivencia social y medioambiental.<br \/>\nLa mayor\u00eda social de esta U\u20ac tiene que romper con esas reglas formales y, la lucha, la<br \/>\nmovilizaci\u00f3n social, lo mismo que logr\u00f3 derechos sociales en esa Europa antigua, ahora<br \/>\ntenemos que dar un paso adelante y hacer del conflicto social y generalizado, la \u00fanica<br \/>\npol\u00edtica. Nos va en ello la vida a nosotros y nosotras y al planeta.<\/p>\n<p style=\"text-align: right;\">Madrid , 29 de mayo de 2014<br \/>\nSecretariado Permanente del Comit\u00e9 Confederal<br \/>\nCONFEDERACI\u00d3N GENERAL DEL TRABAJO (CGT)<\/p>\n","protected":false},"excerpt":{"rendered":"<p>COMUNICADO CONFEDERAL La pol\u00edticas de ajuste, robo y expoliaci\u00f3n que desde el 2008 toda la clase pol\u00edtica vienen imponiendo con sa\u00f1a y crueldad a las poblaciones de la U\u20ac de los mercaderes, es decir, de las grandes corporaciones y multinacionales, &hellip; <a href=\"https:\/\/cgtcantabria.org\/wp\/?p=1962\">Sigue leyendo <span class=\"meta-nav\">&rarr;<\/span><\/a><\/p>\n","protected":false},"author":13,"featured_media":0,"comment_status":"open","ping_status":"open","sticky":false,"template":"","format":"standard","meta":{"footnotes":""},"categories":[15,16,5],"tags":[],"class_list":["post-1962","post","type-post","status-publish","format-standard","hentry","category-accion-sindical","category-accion-social","category-comunicados"],"_links":{"self":[{"href":"https:\/\/cgtcantabria.org\/wp\/index.php?rest_route=\/wp\/v2\/posts\/1962","targetHints":{"allow":["GET"]}}],"collection":[{"href":"https:\/\/cgtcantabria.org\/wp\/index.php?rest_route=\/wp\/v2\/posts"}],"about":[{"href":"https:\/\/cgtcantabria.org\/wp\/index.php?rest_route=\/wp\/v2\/types\/post"}],"author":[{"embeddable":true,"href":"https:\/\/cgtcantabria.org\/wp\/index.php?rest_route=\/wp\/v2\/users\/13"}],"replies":[{"embeddable":true,"href":"https:\/\/cgtcantabria.org\/wp\/index.php?rest_route=%2Fwp%2Fv2%2Fcomments&post=1962"}],"version-history":[{"count":4,"href":"https:\/\/cgtcantabria.org\/wp\/index.php?rest_route=\/wp\/v2\/posts\/1962\/revisions"}],"predecessor-version":[{"id":1969,"href":"https:\/\/cgtcantabria.org\/wp\/index.php?rest_route=\/wp\/v2\/posts\/1962\/revisions\/1969"}],"wp:attachment":[{"href":"https:\/\/cgtcantabria.org\/wp\/index.php?rest_route=%2Fwp%2Fv2%2Fmedia&parent=1962"}],"wp:term":[{"taxonomy":"category","embeddable":true,"href":"https:\/\/cgtcantabria.org\/wp\/index.php?rest_route=%2Fwp%2Fv2%2Fcategories&post=1962"},{"taxonomy":"post_tag","embeddable":true,"href":"https:\/\/cgtcantabria.org\/wp\/index.php?rest_route=%2Fwp%2Fv2%2Ftags&post=1962"}],"curies":[{"name":"wp","href":"https:\/\/api.w.org\/{rel}","templated":true}]}}