{"id":1966,"date":"2014-05-30T10:10:48","date_gmt":"2014-05-30T08:10:48","guid":{"rendered":"http:\/\/cgtcantabria.org\/wp\/?p=1966"},"modified":"2014-05-29T19:12:53","modified_gmt":"2014-05-29T17:12:53","slug":"encuentro-tertulia-sobre-pedagogia-educacion-popular-en-guatemala","status":"publish","type":"post","link":"https:\/\/cgtcantabria.org\/wp\/?p=1966","title":{"rendered":"Encuentro-Tertulia sobre Pedagog\u00eda: Educaci\u00f3n Popular en Guatemala"},"content":{"rendered":"<p><a href=\"http:\/\/cgtcantabria.org\/wp\/wp-content\/uploads\/2014\/05\/Cartel-Primavera.jpg\"><img loading=\"lazy\" decoding=\"async\" class=\"aligncenter size-large wp-image-1967\" src=\"http:\/\/cgtcantabria.org\/wp\/wp-content\/uploads\/2014\/05\/Cartel-Primavera-1024x723.jpg\" alt=\"Cartel Primavera\" width=\"640\" height=\"451\" srcset=\"https:\/\/cgtcantabria.org\/wp\/wp-content\/uploads\/2014\/05\/Cartel-Primavera-1024x723.jpg 1024w, https:\/\/cgtcantabria.org\/wp\/wp-content\/uploads\/2014\/05\/Cartel-Primavera-300x212.jpg 300w\" sizes=\"auto, (max-width: 640px) 100vw, 640px\" \/><\/a>\u00abEl reci\u00e9n creado <b>grupo de reflexi\u00f3n y acci\u00f3n pedag\u00f3gica<\/b> os invita a asistir \u00a0y a participar del encuentro que vamos a celebrar el martes <b>3 de junio a las 20h<\/b> <b>en la Librer\u00eda la Vor\u00e1gine<\/b> donde, adem\u00e1s de presentar este grupo pedag\u00f3gico, el compa\u00f1ero Iker Garc\u00eda Urbina nos contar\u00e1 algunas de las <b>experiencias pedag\u00f3gicas de educaci\u00f3n popular desarrolladas en la comunidad La Primavera del Ixc\u00e1n en Guatemala.<\/b><\/p>\n<p>La Primavera del Ixc\u00e1n forma parte de las Comunidades de Poblaciones en Resistencia (CPR) en Guatemala. Durante los a\u00f1os de conflicto civil en Guatemala se refugi\u00f3 durante 13 a\u00f1os bajo la selva escapando de las masacres perpetradas por el ejercito Guatemalteco en su guerra sucia contra las comunidades ind\u00edgenas.<\/p>\n<p>En 1995, un a\u00f1o antes de la firma de los acuerdos de paz, la poblaci\u00f3n retorna al exterior de la selva acompa\u00f1ada por presencia internacional. A partir de ah\u00ed se funda la cooperativa \u201cLa Resistencia\u201d y la comunidad se organiza entorno a ella, comprando tierras bajo la propiedad cooperativa y desarrollando un sistema organizativo y productivo comunitario.<\/p>\n<p>En las entrevistas realizadas por Iker durante su convivencia en la comunidad el profesor Andr\u00e9s Sebasti\u00e1n, uno de los responsables de la educaci\u00f3n comunitaria tanto durante los a\u00f1os de refugio en la selva como tras la constituci\u00f3n de la comunidad, nos cuenta algunas de las experiencias pedag\u00f3gicas desarrolladas dentro de los modelos de educaci\u00f3n popular que florecieron en Latino Am\u00e9rica al calor de las revoluciones sociales de finales de siglo.\u00bb<\/p>\n","protected":false},"excerpt":{"rendered":"<p>\u00abEl reci\u00e9n creado grupo de reflexi\u00f3n y acci\u00f3n pedag\u00f3gica os invita a asistir \u00a0y a participar del encuentro que vamos a celebrar el martes 3 de junio a las 20h en la Librer\u00eda la Vor\u00e1gine donde, adem\u00e1s de presentar este &hellip; <a href=\"https:\/\/cgtcantabria.org\/wp\/?p=1966\">Sigue leyendo <span class=\"meta-nav\">&rarr;<\/span><\/a><\/p>\n","protected":false},"author":13,"featured_media":0,"comment_status":"open","ping_status":"open","sticky":false,"template":"","format":"standard","meta":{"footnotes":""},"categories":[16,7],"tags":[],"class_list":["post-1966","post","type-post","status-publish","format-standard","hentry","category-accion-social","category-movilizaciones"],"_links":{"self":[{"href":"https:\/\/cgtcantabria.org\/wp\/index.php?rest_route=\/wp\/v2\/posts\/1966","targetHints":{"allow":["GET"]}}],"collection":[{"href":"https:\/\/cgtcantabria.org\/wp\/index.php?rest_route=\/wp\/v2\/posts"}],"about":[{"href":"https:\/\/cgtcantabria.org\/wp\/index.php?rest_route=\/wp\/v2\/types\/post"}],"author":[{"embeddable":true,"href":"https:\/\/cgtcantabria.org\/wp\/index.php?rest_route=\/wp\/v2\/users\/13"}],"replies":[{"embeddable":true,"href":"https:\/\/cgtcantabria.org\/wp\/index.php?rest_route=%2Fwp%2Fv2%2Fcomments&post=1966"}],"version-history":[{"count":1,"href":"https:\/\/cgtcantabria.org\/wp\/index.php?rest_route=\/wp\/v2\/posts\/1966\/revisions"}],"predecessor-version":[{"id":1968,"href":"https:\/\/cgtcantabria.org\/wp\/index.php?rest_route=\/wp\/v2\/posts\/1966\/revisions\/1968"}],"wp:attachment":[{"href":"https:\/\/cgtcantabria.org\/wp\/index.php?rest_route=%2Fwp%2Fv2%2Fmedia&parent=1966"}],"wp:term":[{"taxonomy":"category","embeddable":true,"href":"https:\/\/cgtcantabria.org\/wp\/index.php?rest_route=%2Fwp%2Fv2%2Fcategories&post=1966"},{"taxonomy":"post_tag","embeddable":true,"href":"https:\/\/cgtcantabria.org\/wp\/index.php?rest_route=%2Fwp%2Fv2%2Ftags&post=1966"}],"curies":[{"name":"wp","href":"https:\/\/api.w.org\/{rel}","templated":true}]}}