{"id":2018,"date":"2014-06-29T22:13:58","date_gmt":"2014-06-29T20:13:58","guid":{"rendered":"http:\/\/cgtcantabria.org\/wp\/?p=2018"},"modified":"2017-04-03T19:28:08","modified_gmt":"2017-04-03T17:28:08","slug":"30j-concentraciones-en-tiendas-movistar-contra-la-presion-y-la-represion","status":"publish","type":"post","link":"https:\/\/cgtcantabria.org\/wp\/?p=2018","title":{"rendered":"30J. Concentraciones en tiendas Movistar contra la presi\u00f3n y la represi\u00f3n"},"content":{"rendered":"<div style=\"color: #222222;\">\n<p>La Confederaci\u00f3n General del Trabajo, harta de despidos y de represi\u00f3n en las empresas del sector de las Telecomunicaciones y en su lucha contra las malas condiciones laborales, participa en la convocatoria de concentraciones frente a la puerta de las tiendas Movistar de varias ciudades el pr\u00f3ximo lunes 30 de junio.<\/p>\n<h2 style=\"text-align: center;\"><span style=\"color: #ff0000;\">Santander<\/span><\/h2>\n<h2 style=\"text-align: center;\"><span style=\"color: #ff0000;\"> Tienda Movistar San Fernando 4 a las 19:00 horas<\/span><\/h2>\n<div><\/div>\n<div><a href=\"http:\/\/cgtcantabria.org\/wp\/wp-content\/uploads\/2014\/06\/comeercialesMovistar.jpg\"><img loading=\"lazy\" decoding=\"async\" class=\"alignleft size-medium wp-image-2023\" src=\"http:\/\/cgtcantabria.org\/wp\/wp-content\/uploads\/2014\/06\/comeercialesMovistar-215x300.jpg\" alt=\"comercialesMovistar\" width=\"215\" height=\"300\" srcset=\"https:\/\/cgtcantabria.org\/wp\/wp-content\/uploads\/2014\/06\/comeercialesMovistar-215x300.jpg 215w, https:\/\/cgtcantabria.org\/wp\/wp-content\/uploads\/2014\/06\/comeercialesMovistar.jpg 410w\" sizes=\"auto, (max-width: 215px) 100vw, 215px\" \/><\/a>El injusto despido, este mismo mes, de dos compa\u00f1eros de Atenci\u00f3n al Cliente de Telef\u00f3nica de Espa\u00f1a SAU en Zaragoza, es uno de los motivos de estas protestas y se\u00f1al de que la direcci\u00f3n quiere culpar a las trabajadoras y los trabajadores de su propia y p\u00e9sima gesti\u00f3n e, incluso, de la disminuci\u00f3n de ingresos causada por la crisis-estafa. Pero\u00a0no se trata solo de dos despidos, ya que las condiciones laborales que se viven en las empresas de nuestra \u00abmarca\u00bb cada d\u00eda son peores: aumento de presi\u00f3n y de represi\u00f3n laboral, trabajo bajo amenazas y un control obsesivo han deteriorado el clima laboral tanto como para que mucha gente acuda enferma al trabajo o sea despedida.<\/div>\n<div><\/div>\n<div>Por eso las movilizaciones convocadas van m\u00e1s all\u00e1. En el \u00e1rea comercial, Movistar no pone ni los medios ni la formaci\u00f3n adecuada para poder realizar nuestro trabajo con agilidad y confianza lo que hace peligrar nuestra salud y, adem\u00e1s, no garantiza la adecuada atenci\u00f3n al cliente. En el \u00e1rea de instalaci\u00f3n y mantenimiento, las movilizaciones en las contratas \u2013reprimida con una oleada de despidos\u2013 son un intento de unir todas las luchas, reivindicando un convenio propio, la limitaci\u00f3n de la subcontrataci\u00f3n y los falsos aut\u00f3nomos.<\/div>\n<div><\/div>\n<div>En Telef\u00f3nica de Espa\u00f1a, las huelgas pretenden parar el abuso de disponibilidades fuera del horario laboral o los excesivos desplazamientos a diario en coche a otras provincias: En Tenerife contin\u00faa la huelga de O+M por el conflicto de las disponibilidades obligatorias (<a style=\"color: #1155cc;\" href=\"http:\/\/cgt-sft.org\/secciones\/?p=1238\" target=\"_blank\">http:\/\/cgt-sft.org\/secciones\/<wbr \/>?p=1238<\/a>) y, en Bizkaia, sigue realiz\u00e1ndose el paro de una hora diario contra los desplazamientos interprovinciales obligatorios en O+M y Plta. ext.<\/div>\n<div><\/div>\n<\/div>\n<div style=\"color: #222222;\">En los siguientes cuadros recopilamos las movilizaciones activas en las que CGT participa contra la precariedad y el abuso en el sector de las Telecomunicaciones, y la lista de lugares y horas de algunas de las concentraciones que se producir\u00e1n el pr\u00f3ximo lunes 30:<\/div>\n<div style=\"color: #222222;\"><a href=\"http:\/\/cgtcantabria.org\/wp\/wp-content\/uploads\/2014\/06\/huelgas.png\"><img loading=\"lazy\" decoding=\"async\" class=\"alignleft size-medium wp-image-2020\" src=\"http:\/\/cgtcantabria.org\/wp\/wp-content\/uploads\/2014\/06\/huelgas-300x206.png\" alt=\"Huelgas en Movistar\" width=\"300\" height=\"206\" srcset=\"https:\/\/cgtcantabria.org\/wp\/wp-content\/uploads\/2014\/06\/huelgas-300x206.png 300w, https:\/\/cgtcantabria.org\/wp\/wp-content\/uploads\/2014\/06\/huelgas.png 586w\" sizes=\"auto, (max-width: 300px) 100vw, 300px\" \/><\/a><\/div>\n<div style=\"color: #222222;\">\n<div id=\"attachment_2019\" style=\"width: 808px\" class=\"wp-caption alignleft\"><a href=\"http:\/\/cgtcantabria.org\/wp\/wp-content\/uploads\/2014\/06\/concentraciones.png\"><img loading=\"lazy\" decoding=\"async\" aria-describedby=\"caption-attachment-2019\" class=\"wp-image-2019 size-full\" src=\"http:\/\/cgtcantabria.org\/wp\/wp-content\/uploads\/2014\/06\/concentraciones.png\" alt=\"Concentraciones 30J tiendas Movistar\" width=\"798\" height=\"205\" srcset=\"https:\/\/cgtcantabria.org\/wp\/wp-content\/uploads\/2014\/06\/concentraciones.png 798w, https:\/\/cgtcantabria.org\/wp\/wp-content\/uploads\/2014\/06\/concentraciones-300x77.png 300w\" sizes=\"auto, (max-width: 798px) 100vw, 798px\" \/><\/a><p id=\"caption-attachment-2019\" class=\"wp-caption-text\">Concentraciones 30J tiendas Movistar<\/p><\/div>\n<\/div>\n","protected":false},"excerpt":{"rendered":"<p>La Confederaci\u00f3n General del Trabajo, harta de despidos y de represi\u00f3n en las empresas del sector de las Telecomunicaciones y en su lucha contra las malas condiciones laborales, participa en la convocatoria de concentraciones frente a la puerta de las &hellip; <a href=\"https:\/\/cgtcantabria.org\/wp\/?p=2018\">Sigue leyendo <span class=\"meta-nav\">&rarr;<\/span><\/a><\/p>\n","protected":false},"author":1,"featured_media":0,"comment_status":"open","ping_status":"open","sticky":false,"template":"","format":"standard","meta":{"footnotes":""},"categories":[15,7,24],"tags":[],"class_list":["post-2018","post","type-post","status-publish","format-standard","hentry","category-accion-sindical","category-movilizaciones","category-telefonica-movistar"],"_links":{"self":[{"href":"https:\/\/cgtcantabria.org\/wp\/index.php?rest_route=\/wp\/v2\/posts\/2018","targetHints":{"allow":["GET"]}}],"collection":[{"href":"https:\/\/cgtcantabria.org\/wp\/index.php?rest_route=\/wp\/v2\/posts"}],"about":[{"href":"https:\/\/cgtcantabria.org\/wp\/index.php?rest_route=\/wp\/v2\/types\/post"}],"author":[{"embeddable":true,"href":"https:\/\/cgtcantabria.org\/wp\/index.php?rest_route=\/wp\/v2\/users\/1"}],"replies":[{"embeddable":true,"href":"https:\/\/cgtcantabria.org\/wp\/index.php?rest_route=%2Fwp%2Fv2%2Fcomments&post=2018"}],"version-history":[{"count":4,"href":"https:\/\/cgtcantabria.org\/wp\/index.php?rest_route=\/wp\/v2\/posts\/2018\/revisions"}],"predecessor-version":[{"id":2025,"href":"https:\/\/cgtcantabria.org\/wp\/index.php?rest_route=\/wp\/v2\/posts\/2018\/revisions\/2025"}],"wp:attachment":[{"href":"https:\/\/cgtcantabria.org\/wp\/index.php?rest_route=%2Fwp%2Fv2%2Fmedia&parent=2018"}],"wp:term":[{"taxonomy":"category","embeddable":true,"href":"https:\/\/cgtcantabria.org\/wp\/index.php?rest_route=%2Fwp%2Fv2%2Fcategories&post=2018"},{"taxonomy":"post_tag","embeddable":true,"href":"https:\/\/cgtcantabria.org\/wp\/index.php?rest_route=%2Fwp%2Fv2%2Ftags&post=2018"}],"curies":[{"name":"wp","href":"https:\/\/api.w.org\/{rel}","templated":true}]}}