{"id":2054,"date":"2014-07-15T08:39:58","date_gmt":"2014-07-15T06:39:58","guid":{"rendered":"http:\/\/cgtcantabria.org\/wp\/?p=2054"},"modified":"2014-07-16T14:20:00","modified_gmt":"2014-07-16T12:20:00","slug":"concentracion-de-apoyo-al-pueblo-palestino","status":"publish","type":"post","link":"https:\/\/cgtcantabria.org\/wp\/?p=2054","title":{"rendered":"CONCENTRACI\u00d3N DE APOYO AL PUEBLO PALESTINO"},"content":{"rendered":"<h1 style=\"text-align: center;\"><strong>Jueves 17\u00a0 de julio a las 20:00 en la Plaza del Ayuntamiento de Santander<\/strong><b><span style=\"font-size: 20.0pt; font-family: Arial;\"><br \/>\n<\/span><\/b><\/h1>\n<hr \/>\n<h2 style=\"text-align: justify;\"><strong>Movilizaciones en todo el Estado espa\u00f1ol para pedir el fin de la masacre en Gaza y de la complicidad internacional con el genocidio del pueblo palestino<\/strong><\/h2>\n<p><a href=\"http:\/\/cgtcantabria.org\/wp\/wp-content\/uploads\/2014\/07\/rescop.jpg\"><img loading=\"lazy\" decoding=\"async\" class=\"alignleft wp-image-2055 size-full\" src=\"http:\/\/cgtcantabria.org\/wp\/wp-content\/uploads\/2014\/07\/rescop.jpg\" alt=\"rescop\" width=\"201\" height=\"195\" \/><\/a> <a href=\"http:\/\/cgtcantabria.org\/wp\/wp-content\/uploads\/2014\/07\/BDSlogo1.png\"><img loading=\"lazy\" decoding=\"async\" class=\"alignright wp-image-2056\" src=\"http:\/\/cgtcantabria.org\/wp\/wp-content\/uploads\/2014\/07\/BDSlogo1.png\" alt=\"BDSlogo1\" width=\"380\" height=\"160\" srcset=\"https:\/\/cgtcantabria.org\/wp\/wp-content\/uploads\/2014\/07\/BDSlogo1.png 601w, https:\/\/cgtcantabria.org\/wp\/wp-content\/uploads\/2014\/07\/BDSlogo1-300x126.png 300w\" sizes=\"auto, (max-width: 380px) 100vw, 380px\" \/><\/a><\/p>\n<p style=\"text-align: right;\">NOTA DE PRENSA, 14 de julio de 2014<\/p>\n<p style=\"text-align: justify;\">El pasado 12 de junio, Israel lanz\u00f3 una campa\u00f1a de castigos colectivos contra la poblaci\u00f3n palestina, en la que mat\u00f3 a 15 palestinos y arrest\u00f3 a m\u00e1s de 500 en una batida despiadada supuestamente para encontrar los cuerpos de 3 j\u00f3venes colonos desaparecidos. Despu\u00e9s de incitar p\u00fablicamente a la venganza, campa\u00f1a que result\u00f3 en el asesinato del joven Mohammed Abu Khdeir en Jerusal\u00e9n quemado vivo por israel\u00edes nazis, Netanyahu inici\u00f3 una operaci\u00f3n militar de gran envergadura contra el Hamas en Gaza el pasado martes. As\u00ed satisfac\u00eda la exigencia de su Ministro de Exteriores, Lieberman, de un castigo colectivo contra la poblaci\u00f3n de Gaza en supuestas represalias por un triple crimen que el Hamas neg\u00f3 rotundamente haber cometido.<\/p>\n<p style=\"text-align: justify;\">A lo largo de toda la semana, los bombardeos han sido constantes y han sacudido todo el territorio de la Franja de Gaza d\u00eda y noche. Los blancos del Ej\u00e9rcito israel\u00ed han sido los barrios m\u00e1s poblados, casas, hospitales, ambulancias, una mezquita a la hora del rezo, un centro geri\u00e1trico, otro destinado al cuidado de personas discapacitadas, el sistema de saneamiento y de distribuci\u00f3n de agua, etc.<\/p>\n<p style=\"text-align: justify;\"><strong>Ya han sido asesinadas cruelmente m\u00e1s de 170 personas, la gran mayor\u00eda de ellas ni\u00f1os y ni\u00f1as, mujeres y personas mayores. Hay 1250 personas heridas, con graves quemaduras, miembros seccionados y metralla en el cuerpo. M\u00e9dicos palestinos e internacionales han denunciado que el Ej\u00e9rcito de Israel est\u00e9 utilizando armas de plomo fundido y bombas DIME, que provocan unas heridas de mucha gravedad y amputaciones. 17.000 personas han sido desplazadas a la fuerza y est\u00e1n siendo alojadas en escuelas, mezquitas y edificios p\u00fablicos. <\/strong><\/p>\n<p style=\"text-align: justify;\">La RESCOP ha pedido en coordinaci\u00f3n con otros colectivos una firme condena de esta ofensiva criminal contra la poblaci\u00f3n palestina por parte del gobierno espa\u00f1ol, Catherine Ashton y el Parlamento Europeo. Tambi\u00e9n ha convocado esta semana, en todas las ciudades del estado espa\u00f1ol, se han convocado jornadas de movilizaci\u00f3n contra el genocidio el pueblo palestino por Israel y contra la complicidad de la comunidad internacional. Plataformas y organizaciones ciudadanas, sociales, pol\u00edticas y sindicales han convocado manifestaciones el d\u00eda 17 de Julio en Madrid, Barcelona, Sevilla, M\u00e1laga, Bilbao, Ir\u00fan, Palma y Donosti por la tarde. Otras ciudades como Ja\u00e9n, Palma de Gran Canarias y Logro\u00f1o han convocado para ma\u00f1ana d\u00eda 15. Finalmente C\u00f3rdoba y Ja\u00e9n se manifestar\u00e1n el pr\u00f3ximo s\u00e1bado 20 de julio.<\/p>\n<p style=\"text-align: justify;\">Se pide a la ciudadan\u00eda que se solidarice con los ni\u00f1os y ni\u00f1as de Gaza, con las mujeres, las personas heridas, las familias de las v\u00edctimas, y que salgan a la calle para pedir que nuestros gobiernos sancionen a Israel por sus cr\u00edmenes todas las ciudades del Estado y rompan el Acuerdo preferencial EU- Israel, as\u00ed como sus relaciones militares y comercio de armas con este estado ocupante y asesino.<\/p>\n<p style=\"text-align: justify;\">Cada arma comprada, dice la RESCOP, es un arma probada contra los ni\u00f1os y ni\u00f1as de Gaza. Cada arma vendida a Israel es un arma que ser\u00e1 utilizada contra poblaci\u00f3n civil en clara contravenci\u00f3n del Derecho Internacional Humanitario. Basta de complicidad. Es hora de actuar.<\/p>\n<p style=\"text-align: justify;\">Esto no es una guerra, es un castigo colectivo y una masacre civil. Esto no es una operaci\u00f3n defensiva contra los cohetes del Hamas, es un genocidio contra el pueblo palestino. Tambi\u00e9n exigen el cumplimiento del Dictamen de la Sentencia del Tribunal Internacional de Justicia contra el Muro del Apartheid del 9 de Julio 2004, y la ratificaci\u00f3n por la Autoridad Palestina del estatuto de Roma para poder llevar a la Corte Penal Internacional a los autores de estos cr\u00edmenes de guerra contra la poblaci\u00f3n indefensa de Gaza.<\/p>\n<p style=\"text-align: justify;\">Las organizaciones de la RESCOP tambi\u00e9n llaman a la ciudadan\u00eda a promover la campa\u00f1a de Boicot; Desinversi\u00f3n y Sanciones contra el Apartheid israel\u00ed y consideran que no comprar productos fabricados en Israel o en las colonias ilegales construidas por este pa\u00eds en Cisjordania y Jerusal\u00e9n este, es una manera sencilla de presionar a Israel para que abandone sus pol\u00edticas coloniales de Apartheid, limpieza \u00e9tnica y anexi\u00f3n territorial.<\/p>\n<p>Las primeras convocatorias son:<\/p>\n<p>BARCELONA, 17J, 19:00<br \/>\nBILBAO 17J, 19:00, TEATRO ARRIAGA<br \/>\nCORDOBA, 20 J, 12;00, JARDIN DE LOS PATOS<br \/>\nDONOSTI, 17 J, BULEVAR<br \/>\nGIRONA, 17J, 20H PLAZA DE V\u00cd<br \/>\nGRANADA, 17J, 20:00, FRENTE A LA SUBDELEGACION DEL GOBIERNO, C\/ GRAN VIA<br \/>\nIRUN, 17J, 19:00, ANTIGUA ESTACION AUTOBUSES<br \/>\nJAEN, 15J, 20:00, PLAZA DE LA CONSTITUCION<br \/>\nLAS PALMAS DE GRAN CANARIAS, 15J, 19:00 PARQUE DE SAN TELMO<br \/>\nLOGRO\u00d1O, 14J, 20H, DELEGACI\u00d3N DE GOBIERNO EN EL ESPOL\u00d3N<br \/>\nMADRID, 17J, 20:00 C\u00cdBELES<br \/>\nMALAGA, 17J, 20:00, PLAZA DE LA CONSTITUCION<br \/>\nSEVILLA, 17J, 20:00 PLAZA NUEVA<br \/>\nPALMA, 17J, 19:00, PLAZA DE ESPA\u00d1A.<\/p>\n<p>M\u00e1s info en: <a href=\"http:\/\/www.causapalestina.net\">www.causapalestina.net<\/a>.<br \/>\n<a href=\"mailto:bdscultural@gmail.com\">causapalestina@gmail.com<br \/>\nbdscultural@gmail.com<\/a><\/p>\n<p>&nbsp;<\/p>\n","protected":false},"excerpt":{"rendered":"<p>Jueves 17\u00a0 de julio a las 20:00 en la Plaza del Ayuntamiento de Santander Movilizaciones en todo el Estado espa\u00f1ol para pedir el fin de la masacre en Gaza y de la complicidad internacional con el genocidio del pueblo palestino &hellip; <a href=\"https:\/\/cgtcantabria.org\/wp\/?p=2054\">Sigue leyendo <span class=\"meta-nav\">&rarr;<\/span><\/a><\/p>\n","protected":false},"author":13,"featured_media":0,"comment_status":"open","ping_status":"open","sticky":false,"template":"","format":"standard","meta":{"footnotes":""},"categories":[16,7],"tags":[],"class_list":["post-2054","post","type-post","status-publish","format-standard","hentry","category-accion-social","category-movilizaciones"],"_links":{"self":[{"href":"https:\/\/cgtcantabria.org\/wp\/index.php?rest_route=\/wp\/v2\/posts\/2054","targetHints":{"allow":["GET"]}}],"collection":[{"href":"https:\/\/cgtcantabria.org\/wp\/index.php?rest_route=\/wp\/v2\/posts"}],"about":[{"href":"https:\/\/cgtcantabria.org\/wp\/index.php?rest_route=\/wp\/v2\/types\/post"}],"author":[{"embeddable":true,"href":"https:\/\/cgtcantabria.org\/wp\/index.php?rest_route=\/wp\/v2\/users\/13"}],"replies":[{"embeddable":true,"href":"https:\/\/cgtcantabria.org\/wp\/index.php?rest_route=%2Fwp%2Fv2%2Fcomments&post=2054"}],"version-history":[{"count":4,"href":"https:\/\/cgtcantabria.org\/wp\/index.php?rest_route=\/wp\/v2\/posts\/2054\/revisions"}],"predecessor-version":[{"id":2065,"href":"https:\/\/cgtcantabria.org\/wp\/index.php?rest_route=\/wp\/v2\/posts\/2054\/revisions\/2065"}],"wp:attachment":[{"href":"https:\/\/cgtcantabria.org\/wp\/index.php?rest_route=%2Fwp%2Fv2%2Fmedia&parent=2054"}],"wp:term":[{"taxonomy":"category","embeddable":true,"href":"https:\/\/cgtcantabria.org\/wp\/index.php?rest_route=%2Fwp%2Fv2%2Fcategories&post=2054"},{"taxonomy":"post_tag","embeddable":true,"href":"https:\/\/cgtcantabria.org\/wp\/index.php?rest_route=%2Fwp%2Fv2%2Ftags&post=2054"}],"curies":[{"name":"wp","href":"https:\/\/api.w.org\/{rel}","templated":true}]}}