{"id":2192,"date":"2014-09-10T18:35:47","date_gmt":"2014-09-10T16:35:47","guid":{"rendered":"http:\/\/cgtcantabria.org\/wp\/?p=2192"},"modified":"2014-09-10T19:07:07","modified_gmt":"2014-09-10T17:07:07","slug":"justicia-griega-revoca-despidos-en-canal-publico-estatal","status":"publish","type":"post","link":"https:\/\/cgtcantabria.org\/wp\/?p=2192","title":{"rendered":"Justicia griega revoca despidos en canal p\u00fablico estatal"},"content":{"rendered":"<div class=\"fuente\">Prensa Latina<\/div>\n<div style=\"font-size: 13px;\"><\/div>\n<div id=\"TextoNoticia\" style=\"font-size: 13px; text-align: justify;\"><a href=\"http:\/\/cgtcantabria.org\/wp\/wp-content\/uploads\/2014\/09\/90ff56878df450d5c8ee6ea6ba2fa516_XL.jpg\"><img loading=\"lazy\" decoding=\"async\" class=\"alignleft wp-image-2193\" src=\"http:\/\/cgtcantabria.org\/wp\/wp-content\/uploads\/2014\/09\/90ff56878df450d5c8ee6ea6ba2fa516_XL-300x199.jpg\" alt=\"90ff56878df450d5c8ee6ea6ba2fa516_XL\" width=\"400\" height=\"266\" srcset=\"https:\/\/cgtcantabria.org\/wp\/wp-content\/uploads\/2014\/09\/90ff56878df450d5c8ee6ea6ba2fa516_XL-300x199.jpg 300w, https:\/\/cgtcantabria.org\/wp\/wp-content\/uploads\/2014\/09\/90ff56878df450d5c8ee6ea6ba2fa516_XL.jpg 900w\" sizes=\"auto, (max-width: 400px) 100vw, 400px\" \/><\/a>El Juzgado de Primera Instancia de Atenas anul\u00f3 ayer el despido de los trabajadores de la Radio Televisi\u00f3n de Grecia (ERT) realizado por el gobierno y exigi\u00f3 que fueran restituidos a sus puestos y abonados todos los salarios atrasados. Tras casi 15 meses desde el fulminante cierre de ERT dictado por el ejecutivo, los trabajadores consiguieron que la justicia reconociera la ilegalidad de la medida, tomada al calor de los dr\u00e1sticos recortes presupuestarios exigidos por los acreedores internacionales.La decisi\u00f3n pone en aprietos a un gobierno acostumbrado a ignorar este tipo de sentencias, pues junto a la readmisi\u00f3n en sus puestos y con los mismos salarios a los cerca de 2 mil 700 empleados con los que contaba la cadena, estipul\u00f3 adem\u00e1s el pago de 100 euros adicionales por trabajador y d\u00eda en caso de incumplimiento de la sentencia.<\/p>\n<p>Aunque ERT se encuentra en fase de liquidaci\u00f3n, el fallo judicial tambi\u00e9n concluy\u00f3 que el nuevo canal estatal Nerit, abierto con posterioridad, constituye a todos los efectos una continuaci\u00f3n de la empresa clausurada, seg\u00fan explic\u00f3 a Prensa Latina Babis Kokosis, uno de los redactores despedidos.<\/p>\n<p>Tambi\u00e9n la asamblea de trabajadores celebr\u00f3 a la decisi\u00f3n pues supone \u201cuna bofetada en la cara (al gobierno) por el cierre de ERT y reconoce la lucha de los trabajadores y la ilegitimidad a la hora de crear Neritan\u201d.<\/p>\n<p>La sentencia, que ser\u00e1 recurrida con toda seguridad por el ejecutivo, llega un d\u00eda despu\u00e9s de que los tribunales aceptaran a tr\u00e1mite la denuncia contra los gestores de Neritan por contrataci\u00f3n irregular.<\/p>\n<\/div>\n<p style=\"text-align: justify;\">\n","protected":false},"excerpt":{"rendered":"<p>Prensa Latina El Juzgado de Primera Instancia de Atenas anul\u00f3 ayer el despido de los trabajadores de la Radio Televisi\u00f3n de Grecia (ERT) realizado por el gobierno y exigi\u00f3 que fueran restituidos a sus puestos y abonados todos los salarios &hellip; <a href=\"https:\/\/cgtcantabria.org\/wp\/?p=2192\">Sigue leyendo <span class=\"meta-nav\">&rarr;<\/span><\/a><\/p>\n","protected":false},"author":13,"featured_media":0,"comment_status":"open","ping_status":"open","sticky":false,"template":"","format":"standard","meta":{"footnotes":""},"categories":[15,16],"tags":[],"class_list":["post-2192","post","type-post","status-publish","format-standard","hentry","category-accion-sindical","category-accion-social"],"_links":{"self":[{"href":"https:\/\/cgtcantabria.org\/wp\/index.php?rest_route=\/wp\/v2\/posts\/2192","targetHints":{"allow":["GET"]}}],"collection":[{"href":"https:\/\/cgtcantabria.org\/wp\/index.php?rest_route=\/wp\/v2\/posts"}],"about":[{"href":"https:\/\/cgtcantabria.org\/wp\/index.php?rest_route=\/wp\/v2\/types\/post"}],"author":[{"embeddable":true,"href":"https:\/\/cgtcantabria.org\/wp\/index.php?rest_route=\/wp\/v2\/users\/13"}],"replies":[{"embeddable":true,"href":"https:\/\/cgtcantabria.org\/wp\/index.php?rest_route=%2Fwp%2Fv2%2Fcomments&post=2192"}],"version-history":[{"count":3,"href":"https:\/\/cgtcantabria.org\/wp\/index.php?rest_route=\/wp\/v2\/posts\/2192\/revisions"}],"predecessor-version":[{"id":2200,"href":"https:\/\/cgtcantabria.org\/wp\/index.php?rest_route=\/wp\/v2\/posts\/2192\/revisions\/2200"}],"wp:attachment":[{"href":"https:\/\/cgtcantabria.org\/wp\/index.php?rest_route=%2Fwp%2Fv2%2Fmedia&parent=2192"}],"wp:term":[{"taxonomy":"category","embeddable":true,"href":"https:\/\/cgtcantabria.org\/wp\/index.php?rest_route=%2Fwp%2Fv2%2Fcategories&post=2192"},{"taxonomy":"post_tag","embeddable":true,"href":"https:\/\/cgtcantabria.org\/wp\/index.php?rest_route=%2Fwp%2Fv2%2Ftags&post=2192"}],"curies":[{"name":"wp","href":"https:\/\/api.w.org\/{rel}","templated":true}]}}