{"id":2216,"date":"2014-09-19T20:11:00","date_gmt":"2014-09-19T18:11:00","guid":{"rendered":"http:\/\/cgtcantabria.org\/wp\/?p=2216"},"modified":"2014-09-19T12:18:46","modified_gmt":"2014-09-19T10:18:46","slug":"cgt-apoya-la-campana-stop-montajes-policiales-cuatro-caminos-cuenca","status":"publish","type":"post","link":"https:\/\/cgtcantabria.org\/wp\/?p=2216","title":{"rendered":"CGT apoya la campa\u00f1a \u201cStop montajes policiales Cuatro Caminos-Cuenca\u201d"},"content":{"rendered":"<p style=\"text-align: justify;\"><a href=\"http:\/\/cgtcantabria.org\/wp\/wp-content\/uploads\/2012\/04\/logocgt2.jpg\"><img loading=\"lazy\" decoding=\"async\" class=\"alignright wp-image-621 size-medium\" src=\"http:\/\/cgtcantabria.org\/wp\/wp-content\/uploads\/2012\/04\/logocgt2-193x300.jpg\" alt=\"logocgt2\" width=\"193\" height=\"300\" srcset=\"https:\/\/cgtcantabria.org\/wp\/wp-content\/uploads\/2012\/04\/logocgt2-193x300.jpg 193w, https:\/\/cgtcantabria.org\/wp\/wp-content\/uploads\/2012\/04\/logocgt2-659x1024.jpg 659w, https:\/\/cgtcantabria.org\/wp\/wp-content\/uploads\/2012\/04\/logocgt2.jpg 1680w\" sizes=\"auto, (max-width: 193px) 100vw, 193px\" \/><\/a>El pr\u00f3ximo 23 de septiembre, en Cuenca, juzgar\u00e1n a 2 personas, acusadas de resistencia y agresi\u00f3n a la autoridad en el transcurso de una manifestaci\u00f3n en la que se exig\u00eda la puesta en libertad y la absoluci\u00f3n de todas las personas detenidas durante la huelga general del 29M de 2012.<\/p>\n<p style=\"text-align: justify;\">Estas personas se enfrentan a penas que suman 7 a\u00f1os de prisi\u00f3n y a multas que pueden ascender a m\u00e1s 17.000 euros. La fiscal\u00eda basa sus acusaciones tan s\u00f3lo en los testimonios aportados por la polic\u00eda, de tal manera que los cargos no se sustentan con pruebas documentadas sino s\u00f3lo con testificaciones verbales.<\/p>\n<p style=\"text-align: justify;\">Por todo ello, la Confederaci\u00f3n General del Trabajo exige la libre absoluci\u00f3n de esas personas y denuncia la estrategia de los \u201cmontajes y multas\u201d como una pr\u00e1ctica sistem\u00e1tica del Estado para criminalizar y estigmatizar a las personas que, leg\u00edtimamente y haciendo uso de sus derechos, se defienden de los continuos ataques y agresiones contra los derechos individuales, sociales y ambientales por parte del Gobierno, la patronal y de los sectores m\u00e1s reaccionarios de la sociedad.<\/p>\n<p style=\"text-align: justify;\">El sindicato CGT reitera el llamamiento a seguir saliendo a la calle a denunciar p\u00fablicamente las pol\u00edticas antisociales y el recorte de libertades, y exige el fin de las pol\u00edticas autoritarias de represi\u00f3n y criminalizaci\u00f3n de las personas y colectivos que ans\u00edan una forma diferente de sociedad: m\u00e1s justa, m\u00e1s libre y m\u00e1s igualitaria.<\/p>\n<p style=\"text-align: justify;\">CGT exige la absoluci\u00f3n de las dos personas represaliadas de Cuatro Caminos-Cuenca y les expresa su solidaridad y apoyo. As\u00ed mismo llama a participar en la concentraci\u00f3n de solidaridad convocada el pr\u00f3ximo 23 de septiembre a las 11:00 h en las puertas de los juzgados de Cuenca.<\/p>\n<p style=\"text-align: right;\"><strong>SECRETARIADO PERMANENTE DEL COMIT\u00c9 CONFEDERAL DE LA CGT<\/strong><\/p>\n","protected":false},"excerpt":{"rendered":"<p>El pr\u00f3ximo 23 de septiembre, en Cuenca, juzgar\u00e1n a 2 personas, acusadas de resistencia y agresi\u00f3n a la autoridad en el transcurso de una manifestaci\u00f3n en la que se exig\u00eda la puesta en libertad y la absoluci\u00f3n de todas las &hellip; <a href=\"https:\/\/cgtcantabria.org\/wp\/?p=2216\">Sigue leyendo <span class=\"meta-nav\">&rarr;<\/span><\/a><\/p>\n","protected":false},"author":13,"featured_media":0,"comment_status":"open","ping_status":"open","sticky":false,"template":"","format":"standard","meta":{"footnotes":""},"categories":[15,16,5],"tags":[],"class_list":["post-2216","post","type-post","status-publish","format-standard","hentry","category-accion-sindical","category-accion-social","category-comunicados"],"_links":{"self":[{"href":"https:\/\/cgtcantabria.org\/wp\/index.php?rest_route=\/wp\/v2\/posts\/2216","targetHints":{"allow":["GET"]}}],"collection":[{"href":"https:\/\/cgtcantabria.org\/wp\/index.php?rest_route=\/wp\/v2\/posts"}],"about":[{"href":"https:\/\/cgtcantabria.org\/wp\/index.php?rest_route=\/wp\/v2\/types\/post"}],"author":[{"embeddable":true,"href":"https:\/\/cgtcantabria.org\/wp\/index.php?rest_route=\/wp\/v2\/users\/13"}],"replies":[{"embeddable":true,"href":"https:\/\/cgtcantabria.org\/wp\/index.php?rest_route=%2Fwp%2Fv2%2Fcomments&post=2216"}],"version-history":[{"count":1,"href":"https:\/\/cgtcantabria.org\/wp\/index.php?rest_route=\/wp\/v2\/posts\/2216\/revisions"}],"predecessor-version":[{"id":2217,"href":"https:\/\/cgtcantabria.org\/wp\/index.php?rest_route=\/wp\/v2\/posts\/2216\/revisions\/2217"}],"wp:attachment":[{"href":"https:\/\/cgtcantabria.org\/wp\/index.php?rest_route=%2Fwp%2Fv2%2Fmedia&parent=2216"}],"wp:term":[{"taxonomy":"category","embeddable":true,"href":"https:\/\/cgtcantabria.org\/wp\/index.php?rest_route=%2Fwp%2Fv2%2Fcategories&post=2216"},{"taxonomy":"post_tag","embeddable":true,"href":"https:\/\/cgtcantabria.org\/wp\/index.php?rest_route=%2Fwp%2Fv2%2Ftags&post=2216"}],"curies":[{"name":"wp","href":"https:\/\/api.w.org\/{rel}","templated":true}]}}