{"id":2381,"date":"2014-11-10T13:54:08","date_gmt":"2014-11-10T11:54:08","guid":{"rendered":"http:\/\/cgtcantabria.org\/wp\/?p=2381"},"modified":"2014-11-10T13:54:08","modified_gmt":"2014-11-10T11:54:08","slug":"cgt-presenta-ante-ministerio-de-trabajo-y-direccion-de-ordenacion-de-la-seguridad-social-escrito-amianto-asesino","status":"publish","type":"post","link":"https:\/\/cgtcantabria.org\/wp\/?p=2381","title":{"rendered":"CGT presenta ante Ministerio de Trabajo y Direcci\u00f3n de Ordenaci\u00f3n de la Seguridad Social escrito \u00abAmianto Asesino\u00bb"},"content":{"rendered":"<p style=\"text-align: justify;\">Reuni\u00f3n con Ministerio de Trabajo y Direcci\u00f3n de Ordenaci\u00f3n de la Seguridad Social, sobre presentaci\u00f3n de solicitud de coeficientes reductores para la jubilacion a las personas trabajadoras afectadas por el \u201cAMIANTO ASESINO\u201c.<\/p>\n<p><a href=\"http:\/\/cgtcantabria.org\/wp\/wp-content\/uploads\/2014\/11\/DSC_8900.jpg.pagespeed.ce_.vf-HN_oN5y.jpg\"><img loading=\"lazy\" decoding=\"async\" class=\"alignleft wp-image-2382 size-full\" src=\"http:\/\/cgtcantabria.org\/wp\/wp-content\/uploads\/2014\/11\/DSC_8900.jpg.pagespeed.ce_.vf-HN_oN5y.jpg\" alt=\"DSC_8900.jpg.pagespeed.ce.vf-HN_oN5y\" width=\"200\" height=\"134\" \/><\/a>Secretariado Permanente del Comit\u00e9 Confederal<\/p>\n<div class=\"content\">\n<p style=\"text-align: justify;\">La <strong>CGT<\/strong>, hoy d\u00eda 6 de noviembre de 2014, ha registrado una solicitud para que por parte del poder legislativo se lleve a cabo <strong>EL RECONOCIMIENTO DE COEFICIENTES REDUCTORES PARA LA JUBILACI\u00d3N<\/strong> de las personas trabajadoras que a lo largo de su vida laboral han trabajado en procesos productivos y de distribuci\u00f3n con el \u201camianto asesino\u201d.<\/p>\n<p style=\"text-align: justify;\">La reunion se ha celebrado con la Jefa del Gabinete de la Secretar\u00eda de Estado de la Seguridad Social, con la General de Planificaci\u00f3n de la Seguridad Social y con el Secretario General de la CGT Jos\u00e9 Manuel Mu\u00f1oz P\u00f3l\u00edz, acompa\u00f1ado de los Secretarios de Jur\u00eddica y Salud Laboral, adem\u00e1s de la abogada especializada en el tema de nuestro gabinete jur\u00eddico. La reuni\u00f3n ha supuesto una mera toma de contacto y un traspasar la \u201cpelota\u201d a otro departamento, pues ellos dicen que no son los competentes.<\/p>\n<p style=\"text-align: justify;\">Es la Secretar\u00eda de Empleo la competente para este tema y, en ese sentido, CGT ya le ha solicitado una reuni\u00f3n para instarle a que se nos d\u00e9 traslado de toda la informaci\u00f3n que, a trav\u00e9s de la Comisi\u00f3n Nacional de Salud, exista hasta el momento acerca de:<\/p>\n<ul>\n<li>El <strong>mapa del Amianto<\/strong> (sectores, empresas y trabajadores\/as afectados).<\/li>\n<li>El <strong>mapa del desamiantado<\/strong> (sectores, empresas y trabajadores\/as afectados).<\/li>\n<li style=\"text-align: justify;\"><strong>Requerir<\/strong> a la Secretar\u00eda de Empleo que se traslade al Gobierno y al poder legislativo, (los cuales tienen la competencia), la solicitud para <strong>la publicaci\u00f3n de un RD<\/strong> donde <strong>se fijen coeficientes reductores para todas\u00a0 las personas afectadas por el amianto.<\/strong><\/li>\n<\/ul>\n<p style=\"text-align: justify;\">La <strong>CGT<\/strong> asume la responsabilidad de <strong>exigir que cumplan con su obligaci\u00f3n el Poder Legislativo y el Ejecutivo<\/strong> ya que, tanto las empresas como las instituciones p\u00fablicas ten\u00edan el deber de velar por la salud y seguridad de las personas trabajadoras, \u00a0cuando era legal la utilizaci\u00f3n del \u201camianto asesino\u201d (hasta el 2001) y tambi\u00e9n con posterioridad a esa fecha. As\u00ed se lo hemos planteado a las interlocutoras del Ministerio.<\/p>\n<p><strong>CGT<\/strong> en este acto comienza una campa\u00f1a con varias fases:<\/p>\n<ul>\n<li style=\"text-align: justify;\"><strong>Informaci\u00f3n a la sociedad<\/strong> acerca del \u201camianto asesino\u201d y sus graves consecuencias en la salud de millones de personas, muchas de ellas ya muertas \u00a0o \u201casesinadas\u201d por este producto.<\/li>\n<li><strong>Establecer el mapa del amianto y del desamiantado<\/strong> con implicaci\u00f3n de todas las personas trabajadoras afectadas.<\/li>\n<li style=\"text-align: justify;\"><strong>Exigir responsabilidades<\/strong> en todas las v\u00edas jur\u00eddicas (civil, laboral y penal) por su \u201cdejaci\u00f3n \u201cen la protecci\u00f3n de la salud de las personas trabajadoras y de sus familiares, as\u00ed como de la sociedad en general, la cual se ha visto afectada por la utilizaci\u00f3n de este \u201cproducto asesino\u201d. Como ejemplo est\u00e1n las miles de viviendas en las que este elemento era parte de sus construcciones y tambi\u00e9n los conductos de aire acondicionado y sus motores.<\/li>\n<\/ul>\n<\/div>\n","protected":false},"excerpt":{"rendered":"<p>Reuni\u00f3n con Ministerio de Trabajo y Direcci\u00f3n de Ordenaci\u00f3n de la Seguridad Social, sobre presentaci\u00f3n de solicitud de coeficientes reductores para la jubilacion a las personas trabajadoras afectadas por el \u201cAMIANTO ASESINO\u201c. Secretariado Permanente del Comit\u00e9 Confederal La CGT, hoy &hellip; <a href=\"https:\/\/cgtcantabria.org\/wp\/?p=2381\">Sigue leyendo <span class=\"meta-nav\">&rarr;<\/span><\/a><\/p>\n","protected":false},"author":13,"featured_media":0,"comment_status":"open","ping_status":"open","sticky":false,"template":"","format":"standard","meta":{"footnotes":""},"categories":[15],"tags":[],"class_list":["post-2381","post","type-post","status-publish","format-standard","hentry","category-accion-sindical"],"_links":{"self":[{"href":"https:\/\/cgtcantabria.org\/wp\/index.php?rest_route=\/wp\/v2\/posts\/2381","targetHints":{"allow":["GET"]}}],"collection":[{"href":"https:\/\/cgtcantabria.org\/wp\/index.php?rest_route=\/wp\/v2\/posts"}],"about":[{"href":"https:\/\/cgtcantabria.org\/wp\/index.php?rest_route=\/wp\/v2\/types\/post"}],"author":[{"embeddable":true,"href":"https:\/\/cgtcantabria.org\/wp\/index.php?rest_route=\/wp\/v2\/users\/13"}],"replies":[{"embeddable":true,"href":"https:\/\/cgtcantabria.org\/wp\/index.php?rest_route=%2Fwp%2Fv2%2Fcomments&post=2381"}],"version-history":[{"count":1,"href":"https:\/\/cgtcantabria.org\/wp\/index.php?rest_route=\/wp\/v2\/posts\/2381\/revisions"}],"predecessor-version":[{"id":2383,"href":"https:\/\/cgtcantabria.org\/wp\/index.php?rest_route=\/wp\/v2\/posts\/2381\/revisions\/2383"}],"wp:attachment":[{"href":"https:\/\/cgtcantabria.org\/wp\/index.php?rest_route=%2Fwp%2Fv2%2Fmedia&parent=2381"}],"wp:term":[{"taxonomy":"category","embeddable":true,"href":"https:\/\/cgtcantabria.org\/wp\/index.php?rest_route=%2Fwp%2Fv2%2Fcategories&post=2381"},{"taxonomy":"post_tag","embeddable":true,"href":"https:\/\/cgtcantabria.org\/wp\/index.php?rest_route=%2Fwp%2Fv2%2Ftags&post=2381"}],"curies":[{"name":"wp","href":"https:\/\/api.w.org\/{rel}","templated":true}]}}