{"id":2622,"date":"2014-12-28T12:50:01","date_gmt":"2014-12-28T10:50:01","guid":{"rendered":"http:\/\/cgtcantabria.org\/wp\/?p=2622"},"modified":"2014-12-28T12:50:01","modified_gmt":"2014-12-28T10:50:01","slug":"ls-ferroviaris-siguen-movilizandose-con-cgt","status":"publish","type":"post","link":"https:\/\/cgtcantabria.org\/wp\/?p=2622","title":{"rendered":"L@S FERROVIARI@S SIGUEN MOVILIZ\u00c1NDOSE CON CGT"},"content":{"rendered":"<table style=\"height: 896px;\" border=\"0\" width=\"653\" cellspacing=\"2\" cellpadding=\"4\" align=\"center\">\n<tbody>\n<tr valign=\"top\">\n<td class=\"titulo1\">\n<h3><span style=\"color: #800000;\"><strong>HUELGA 26 DE DICIEMBRE<\/strong><\/span><\/h3>\n<\/td>\n<\/tr>\n<tr valign=\"top\">\n<td style=\"text-align: justify;\"><b> <\/b>La jornada de huelga convocada en las empresas ADIF y RENFE el d\u00eda 26 de diciembre, ha sido muy participativa a pesar de los abusivos Servicios M\u00ednimos decretados por el Ministerio de Fomento. Por supuesto seguimos sin entender la descarada pasividad de aquellos que se declaran como defensores de los derechos de los trabajadores, y luego no hacen nada, bueno s\u00ed\u2026, S\u00ed firman p\u00e9rdidas de derechos y pactan acuerdos muy lesivos para tod@s. El colectivo ferroviario necesita cobertura para exteriorizar el descontento que le produce la incertidumbre laboral actual.<a href=\"http:\/\/cgtcantabria.org\/wp\/wp-content\/uploads\/2014\/12\/COM-198-181214-SECTOR-Por-sus-hechos-les-conocereis.jpg\"><img loading=\"lazy\" decoding=\"async\" class=\"alignleft size-medium wp-image-2623\" src=\"http:\/\/cgtcantabria.org\/wp\/wp-content\/uploads\/2014\/12\/COM-198-181214-SECTOR-Por-sus-hechos-les-conocereis-300x169.jpg\" alt=\"COM-198-181214-SECTOR Por sus hechos les conocereis\" width=\"300\" height=\"169\" srcset=\"https:\/\/cgtcantabria.org\/wp\/wp-content\/uploads\/2014\/12\/COM-198-181214-SECTOR-Por-sus-hechos-les-conocereis-300x169.jpg 300w, https:\/\/cgtcantabria.org\/wp\/wp-content\/uploads\/2014\/12\/COM-198-181214-SECTOR-Por-sus-hechos-les-conocereis.jpg 899w\" sizes=\"auto, (max-width: 300px) 100vw, 300px\" \/><\/a>Los principales motivos que nos han llevado a movilizarnos son:<\/p>\n<p style=\"text-align: justify;\">\u2022 La integraci\u00f3n plena de los trabajadores de Feve en Renfe y Adif.<br \/>\n\u2022 El ingreso de nuevos trabajadores en las empresas Renfe y Adif sin precariedad\u00a0\u00a0\u00a0\u00a0 laboral.<br \/>\n\u2022 Incrementos salariales para 2015 y posteriores a\u00f1os.<br \/>\n\u2022 La devoluci\u00f3n de la paga extraordinaria retenida desde diciembre de 2012.<br \/>\n\u2022 El abono del 100% del salario por Incapacidad Temporal.<br \/>\n\u2022 El incremento de los coeficientes reductores en la edad de jubilaci\u00f3n y la ampliaci\u00f3n a otras categor\u00edas para obtenerlo.<br \/>\n\u2022 Contra el desmantelamiento del Servicio Ferroviario de car\u00e1cter P\u00fablico y Social<\/p>\n<p style=\"text-align: justify;\">L@s ferroviari@s han vuelto a dar un ejemplo de madurez y responsabilidad al apoyar esta movilizaciones, a pesar de los arbitrarios servicios \u201cm\u00e1ximos\u201d se\u00f1alados, participando en las concentraciones convocadas en todo el pa\u00eds.<a href=\"http:\/\/cgtcantabria.org\/wp\/wp-content\/uploads\/2014\/12\/ffa29bfdcb54e8403d5943dd8785f44b_400x400.jpeg\"><img loading=\"lazy\" decoding=\"async\" class=\"alignright  wp-image-2615\" src=\"http:\/\/cgtcantabria.org\/wp\/wp-content\/uploads\/2014\/12\/ffa29bfdcb54e8403d5943dd8785f44b_400x400-300x300.jpeg\" alt=\"ffa29bfdcb54e8403d5943dd8785f44b_400x400\" width=\"184\" height=\"184\" srcset=\"https:\/\/cgtcantabria.org\/wp\/wp-content\/uploads\/2014\/12\/ffa29bfdcb54e8403d5943dd8785f44b_400x400-300x300.jpeg 300w, https:\/\/cgtcantabria.org\/wp\/wp-content\/uploads\/2014\/12\/ffa29bfdcb54e8403d5943dd8785f44b_400x400-150x150.jpeg 150w, https:\/\/cgtcantabria.org\/wp\/wp-content\/uploads\/2014\/12\/ffa29bfdcb54e8403d5943dd8785f44b_400x400.jpeg 400w\" sizes=\"auto, (max-width: 184px) 100vw, 184px\" \/><\/a><\/p>\n<p style=\"text-align: justify;\">CGT tiene claro su posicionamiento: una incondicional defensa del empleo y su estabilidad, por la reunificaci\u00f3n de las empresas ferroviarias y por la apuesta por un ferrocarril \u201cP\u00daBLICO Y SOCIAL\u201d que garantice sin matices la SEGURIDAD EN LA CIRCULACI\u00d3N.<\/p>\n<p style=\"text-align: justify;\"><strong><span style=\"color: #800000;\">\u00a1POR UN FERROCARRIL P\u00daBLICO Y SOCIAL!<\/span><\/strong><br \/>\n<strong><span style=\"color: #800000;\"> POR LA APERTURA DE LA NEGOCIACI\u00d3N DEL III CONVENIO COLECTIVO<\/span><\/strong><\/p>\n<\/td>\n<\/tr>\n<\/tbody>\n<\/table>\n","protected":false},"excerpt":{"rendered":"<p>HUELGA 26 DE DICIEMBRE La jornada de huelga convocada en las empresas ADIF y RENFE el d\u00eda 26 de diciembre, ha sido muy participativa a pesar de los abusivos Servicios M\u00ednimos decretados por el Ministerio de Fomento. Por supuesto seguimos &hellip; <a href=\"https:\/\/cgtcantabria.org\/wp\/?p=2622\">Sigue leyendo <span class=\"meta-nav\">&rarr;<\/span><\/a><\/p>\n","protected":false},"author":1,"featured_media":12,"comment_status":"open","ping_status":"open","sticky":false,"template":"","format":"standard","meta":{"footnotes":""},"categories":[27],"tags":[19],"class_list":["post-2622","post","type-post","status-publish","format-standard","has-post-thumbnail","hentry","category-ferroviarios","tag-huelga"],"_links":{"self":[{"href":"https:\/\/cgtcantabria.org\/wp\/index.php?rest_route=\/wp\/v2\/posts\/2622","targetHints":{"allow":["GET"]}}],"collection":[{"href":"https:\/\/cgtcantabria.org\/wp\/index.php?rest_route=\/wp\/v2\/posts"}],"about":[{"href":"https:\/\/cgtcantabria.org\/wp\/index.php?rest_route=\/wp\/v2\/types\/post"}],"author":[{"embeddable":true,"href":"https:\/\/cgtcantabria.org\/wp\/index.php?rest_route=\/wp\/v2\/users\/1"}],"replies":[{"embeddable":true,"href":"https:\/\/cgtcantabria.org\/wp\/index.php?rest_route=%2Fwp%2Fv2%2Fcomments&post=2622"}],"version-history":[{"count":4,"href":"https:\/\/cgtcantabria.org\/wp\/index.php?rest_route=\/wp\/v2\/posts\/2622\/revisions"}],"predecessor-version":[{"id":2627,"href":"https:\/\/cgtcantabria.org\/wp\/index.php?rest_route=\/wp\/v2\/posts\/2622\/revisions\/2627"}],"wp:featuredmedia":[{"embeddable":true,"href":"https:\/\/cgtcantabria.org\/wp\/index.php?rest_route=\/wp\/v2\/media\/12"}],"wp:attachment":[{"href":"https:\/\/cgtcantabria.org\/wp\/index.php?rest_route=%2Fwp%2Fv2%2Fmedia&parent=2622"}],"wp:term":[{"taxonomy":"category","embeddable":true,"href":"https:\/\/cgtcantabria.org\/wp\/index.php?rest_route=%2Fwp%2Fv2%2Fcategories&post=2622"},{"taxonomy":"post_tag","embeddable":true,"href":"https:\/\/cgtcantabria.org\/wp\/index.php?rest_route=%2Fwp%2Fv2%2Ftags&post=2622"}],"curies":[{"name":"wp","href":"https:\/\/api.w.org\/{rel}","templated":true}]}}