{"id":287,"date":"2012-01-18T17:17:44","date_gmt":"2012-01-18T16:17:44","guid":{"rendered":"http:\/\/cgtcantabria.org\/wp\/?p=287"},"modified":"2012-01-18T17:17:56","modified_gmt":"2012-01-18T16:17:56","slug":"la-lucha-esta-en-la-calle-hacia-la-huelga-general-2","status":"publish","type":"post","link":"https:\/\/cgtcantabria.org\/wp\/?p=287","title":{"rendered":"\u00abLA LUCHA EST\u00c1 EN LA CALLE &#8211; HACIA LA HUELGA GENERAL\u00bb"},"content":{"rendered":"<p>&nbsp;<\/p>\n<h1 style=\"text-align: justify;\"><strong>\u00abLA LUCHA EST\u00c1 EN LA CALLE &#8211; <span style=\"color: #ff0000;\">HACIA LA HUELGA GENERAL\u00bb<\/span><\/strong><\/h1>\n<p style=\"text-align: justify;\">\u00a0<a href=\"http:\/\/cgtcantabria.org\/wp\/wp-content\/uploads\/2012\/01\/Asamblea-de-militantes-31.jpg\"><img loading=\"lazy\" decoding=\"async\" class=\"aligncenter size-medium wp-image-288\" title=\"Asamblea de militantes \" src=\"http:\/\/cgtcantabria.org\/wp\/wp-content\/uploads\/2012\/01\/Asamblea-de-militantes-31-212x300.jpg\" alt=\"\" width=\"212\" height=\"300\" srcset=\"https:\/\/cgtcantabria.org\/wp\/wp-content\/uploads\/2012\/01\/Asamblea-de-militantes-31-212x300.jpg 212w, https:\/\/cgtcantabria.org\/wp\/wp-content\/uploads\/2012\/01\/Asamblea-de-militantes-31-726x1024.jpg 726w, https:\/\/cgtcantabria.org\/wp\/wp-content\/uploads\/2012\/01\/Asamblea-de-militantes-31.jpg 1240w\" sizes=\"auto, (max-width: 212px) 100vw, 212px\" \/><\/a>El <strong>s\u00e1bado 21 de Enero a las 18:00 h., tendr\u00e1 lugar en el sal\u00f3n de actos de CNT Santander<\/strong>, una asamblea abierta, o dicho de otro modo, un encuentro al que est\u00e1n llamadxs todxs y cada unx de lxs integrantes de <strong>CGT, CNT, Reg\u00fcelta y 15M<\/strong>.<\/p>\n<p style=\"text-align: justify;\">Dicha asamblea se convoca con la intenci\u00f3n de estrechar lazos entre las \u00abbases\u00bb de las organizaciones y colectivos, que por el momento integran esta plataforma.<\/p>\n<p style=\"text-align: justify;\">\u00a0 Representantes de dichas organizaciones en Cantabria y el movimiento social <strong>15M de Santander<\/strong>, llevan desarrollando reuniones peri\u00f3dicas desde septiembre del 2011 que han dado como fruto la convocatoria de varias concentraciones y la presencia conjunta en la manifestaci\u00f3n del 15 de octubre.<\/p>\n<p style=\"text-align: justify;\">\u00a0 Convencidxs como estamos de la necesidad de profundizar en la unidad de acci\u00f3n, como \u00danica alternativa que tenemos los trabajadores y las trabajadoras ante la descarnada ofensiva que estamos sufriendo, consideramos de extrema y urgente importancia romper con el desconocimiento y los prejuicios que existen entre lxs integrantes de unas y otras organizaciones.<\/p>\n<p style=\"text-align: justify;\">\u00a0 Todas y todos luchamos por lo mismo y ha llegado el momento de dejar a un lado aquello que nos separa, abandonar los recelos y trabajar y actuar como una sola fuerza, sobre todo en aquellas acciones conjuntas que est\u00e1n por llegar.<\/p>\n<p style=\"text-align: justify;\">\u00a0 La organizaci\u00f3n asamblearia, la autogesti\u00f3n y una concepci\u00f3n profundamente transformadora de la sociedad que queremos, son nuestros puntos comunes. Hagamos de ello nuestra fuerza, nuestra se\u00f1a de identidad y seamos ejemplo y punta de lanza de una necesaria unidad a la que estamos obligados si queremos ser una alternativa seria y contundente.<\/p>\n<p style=\"text-align: justify;\">\u00a0Si est\u00e1s en la <strong>CGT<\/strong>, en la <strong>CNT<\/strong>, en <strong>Reg\u00fcelta<\/strong> o en el <strong>15M<\/strong>, el d\u00eda 21 de enero tienes una cita a la que no debes faltar. Tienes mucho que decir, tienes mucho que escuchar, tenemos muchas barreras que romper.<\/p>\n<p style=\"text-align: justify;\">\u00a0Un fuerte y sincero abrazo.<\/p>\n<p style=\"text-align: justify;\"><strong>\u00abLA LUCHA EST\u00c1\u00a0 EN LA CALLE &#8211; <span style=\"color: #ff0000;\">HACIA LA HUELGA GENERAL<\/span>\u00ab<\/strong><\/p>\n<p style=\"text-align: justify;\">&#8212;<\/p>\n<p style=\"text-align: justify;\"><strong>CNT Santander<\/strong><\/p>\n<p style=\"text-align: justify;\">Vista Alegre 11, bajo, 39001,<\/p>\n<p style=\"text-align: justify;\">Santander<\/p>\n<p style=\"text-align: justify;\">942 055 095 600 282 005<\/p>\n<p style=\"text-align: justify;\"><a href=\"http:\/\/www.cgtcantabria.org:2095\/cpsess6724778299\/3rdparty\/squirrelmail\/src\/compose.php?send_to=santander%40cnt.es\">santander@cnt.es<\/a><\/p>\n<p style=\"text-align: justify;\"><a href=\"http:\/\/cantabria.cnt.es\/\" target=\"_blank\">http:\/\/cantabria.cnt.es<\/a><\/p>\n<p style=\"text-align: justify;\"><strong>Confederaci\u00f3n General del Trabajo<\/strong><\/p>\n<p style=\"text-align: justify;\">Federaci\u00f3n Regional de Sindicatos de Cantabria<\/p>\n<p style=\"text-align: justify;\">Santa Luc\u00eda n\u00ba8 entrlo C \u2013 39003 Santander<\/p>\n<p style=\"text-align: justify;\">Tfno. y fax: 942 31 02 02 \u2013<\/p>\n<p style=\"text-align: justify;\"><a href=\"federacionregional@cgtcantabria.org\">federacionregional@cgtcantabria.org<\/a><\/p>\n<p style=\"text-align: justify;\"><a href=\"www.cgtcantabria.org\">www.cgtcantabria.org<\/a><\/p>\n","protected":false},"excerpt":{"rendered":"<p>&nbsp; \u00abLA LUCHA EST\u00c1 EN LA CALLE &#8211; HACIA LA HUELGA GENERAL\u00bb \u00a0El s\u00e1bado 21 de Enero a las 18:00 h., tendr\u00e1 lugar en el sal\u00f3n de actos de CNT Santander, una asamblea abierta, o dicho de otro modo, un &hellip; <a href=\"https:\/\/cgtcantabria.org\/wp\/?p=287\">Sigue leyendo <span class=\"meta-nav\">&rarr;<\/span><\/a><\/p>\n","protected":false},"author":1,"featured_media":0,"comment_status":"open","ping_status":"open","sticky":false,"template":"","format":"standard","meta":{"footnotes":""},"categories":[7],"tags":[],"class_list":["post-287","post","type-post","status-publish","format-standard","hentry","category-movilizaciones"],"_links":{"self":[{"href":"https:\/\/cgtcantabria.org\/wp\/index.php?rest_route=\/wp\/v2\/posts\/287","targetHints":{"allow":["GET"]}}],"collection":[{"href":"https:\/\/cgtcantabria.org\/wp\/index.php?rest_route=\/wp\/v2\/posts"}],"about":[{"href":"https:\/\/cgtcantabria.org\/wp\/index.php?rest_route=\/wp\/v2\/types\/post"}],"author":[{"embeddable":true,"href":"https:\/\/cgtcantabria.org\/wp\/index.php?rest_route=\/wp\/v2\/users\/1"}],"replies":[{"embeddable":true,"href":"https:\/\/cgtcantabria.org\/wp\/index.php?rest_route=%2Fwp%2Fv2%2Fcomments&post=287"}],"version-history":[{"count":5,"href":"https:\/\/cgtcantabria.org\/wp\/index.php?rest_route=\/wp\/v2\/posts\/287\/revisions"}],"predecessor-version":[{"id":293,"href":"https:\/\/cgtcantabria.org\/wp\/index.php?rest_route=\/wp\/v2\/posts\/287\/revisions\/293"}],"wp:attachment":[{"href":"https:\/\/cgtcantabria.org\/wp\/index.php?rest_route=%2Fwp%2Fv2%2Fmedia&parent=287"}],"wp:term":[{"taxonomy":"category","embeddable":true,"href":"https:\/\/cgtcantabria.org\/wp\/index.php?rest_route=%2Fwp%2Fv2%2Fcategories&post=287"},{"taxonomy":"post_tag","embeddable":true,"href":"https:\/\/cgtcantabria.org\/wp\/index.php?rest_route=%2Fwp%2Fv2%2Ftags&post=287"}],"curies":[{"name":"wp","href":"https:\/\/api.w.org\/{rel}","templated":true}]}}