{"id":294,"date":"2012-01-31T13:45:21","date_gmt":"2012-01-31T12:45:21","guid":{"rendered":"http:\/\/cgtcantabria.org\/wp\/?p=294"},"modified":"2012-01-31T15:07:46","modified_gmt":"2012-01-31T14:07:46","slug":"la-lucha-esta-en-la-calle-2","status":"publish","type":"post","link":"https:\/\/cgtcantabria.org\/wp\/?p=294","title":{"rendered":"La lucha est\u00e1 en la calle!"},"content":{"rendered":"<p style=\"text-align: center;\"><a href=\"http:\/\/cgtcantabria.org\/wp\/wp-content\/uploads\/2012\/01\/2-DE-FEBRERO-FILTRO1.jpg\"><img loading=\"lazy\" decoding=\"async\" class=\"aligncenter size-full wp-image-300\" title=\"2 DE FEBRERO FILTRO\" src=\"http:\/\/cgtcantabria.org\/wp\/wp-content\/uploads\/2012\/01\/2-DE-FEBRERO-FILTRO1.jpg\" alt=\"\" width=\"3508\" height=\"4961\" srcset=\"https:\/\/cgtcantabria.org\/wp\/wp-content\/uploads\/2012\/01\/2-DE-FEBRERO-FILTRO1.jpg 3508w, https:\/\/cgtcantabria.org\/wp\/wp-content\/uploads\/2012\/01\/2-DE-FEBRERO-FILTRO1-212x300.jpg 212w, https:\/\/cgtcantabria.org\/wp\/wp-content\/uploads\/2012\/01\/2-DE-FEBRERO-FILTRO1-724x1024.jpg 724w\" sizes=\"auto, (max-width: 3508px) 100vw, 3508px\" \/><\/a><\/p>\n<h1 data-ft=\"{&quot;type&quot;:1}\"><strong>El 2 de febrero a las 19:00 horas frente al Ayuntamiento de Santander la Plataforma; la lucha est\u00e1 en la calle! formada por CGT, CNT y REG\u00dcELTA, se concentra contra el repugnante el acuerdo firmado por CCOO, UGT con las patronales CEOE y CEPYME<\/strong><\/h1>\n<p>&nbsp;<\/p>\n<p><a href=\"http:\/\/cgtcantabria.org\/wp\/wp-content\/uploads\/2012\/01\/Logos.jpg\"><img loading=\"lazy\" decoding=\"async\" class=\"aligncenter size-large wp-image-295\" title=\"Logos\" src=\"http:\/\/cgtcantabria.org\/wp\/wp-content\/uploads\/2012\/01\/Logos-1024x221.jpg\" alt=\"\" width=\"640\" height=\"138\" srcset=\"https:\/\/cgtcantabria.org\/wp\/wp-content\/uploads\/2012\/01\/Logos-1024x221.jpg 1024w, https:\/\/cgtcantabria.org\/wp\/wp-content\/uploads\/2012\/01\/Logos-300x64.jpg 300w\" sizes=\"auto, (max-width: 640px) 100vw, 640px\" \/><\/a><\/p>\n<p>La Plataforma La lucha est\u00e1 en la calle! Formada por\u00a0 CGT CNT y Reg\u00fcelta considera \u00e9ticamente repugnante el acuerdo firmado por CCOO, UGT con las patronales CEOE y CEPYME<br \/>\nSantander a31 de enero de 2012<br \/>\nES UN ROBO Y UNA TRAICI\u00d3N A LAS Y LOS TRABAJADORES !<br \/>\nEl 25 de Enero de 2012, hemos conocido el texto completo del \u201cII Acuerdo para el empleo y la negociaci\u00f3n colectiva 2012, 2013, 2014\u201d pactado y firmado por la patronal CEOE y CEPYME con los sindicatos institucionales CCOO y UGT. El documento abarca , entre otros, aspectos relativos a la Estructura de la negociaci\u00f3n colectiva, Flexibilidad, Empleo, Formaci\u00f3n, Teletrabajo, Criterios en materia salarial, Inaplicaci\u00f3n negociada en la empresa de determinadas condiciones de trabajo pactadas en los convenios colectivos sectoriales\u2026<br \/>\nEl Acuerdo desgrana toda una serie de medidas para garantizar la aplicaci\u00f3n generalizada, de manera disciplinaria, de todas las pol\u00edticas econ\u00f3micas, de austeridad y ajuste fiscal, dise\u00f1adas por gobierno de este pa\u00eds y el gobierno realmente existente representado por el Banco Central Europeo y un esperpento de Uni\u00f3n Europa con Alemania a la cabeza : desposesi\u00f3n de rentas salariales durante al menos tres a\u00f1os con p\u00e9rdidas garantizadas de poder adquisitivo para la poblaci\u00f3n renunciado abiertamente a la subidas salariales en funci\u00f3n de la subida del IPC, la disponibilidad empresarial para flexibilizar jornada laboral, modificar las condiciones de trabajo, turnos, sistemas retributivos, flexibilidad en materia salarial vinculando salarios a productividad y beneficios de la empresa, sistemas de promoci\u00f3n, movilidades funcionales y geogr\u00e1ficas, reconocimiento del teletrabajo, descolgarse de las condiciones colectivas del convenio, modificarlas y ligar el empleo a que los trabajadores y trabajadoras acepten comportarse como un \u201ccoste variable\u201d : aceptar trabajar en cualquier condici\u00f3n, en cualquier tiempo y a precios de mercado.<br \/>\nEn definitiva, p\u00e9rdida de derechos laborales \u2026 todo con el objetivo de aumentar la competitividad y los beneficios empresariales. Para la Plataforma La Lucha est\u00e1 en la calle! la primera valoraci\u00f3n de este II Acuerdo, es el desprecio que estos sindicatos mantienen por la clase trabajadora (asalariada, desempleada, excluida\u2026) otorg\u00e1ndose la representatividad de todas y todos, degradando a la condici\u00f3n de objetos y mercanc\u00eda a la totalidad de la poblaci\u00f3n, sin conocer las necesidades de a quienes representan, estableciendo un procedimiento de negociaci\u00f3n oscurantista y a espaldas de las y los trabajadores y la sociedad, concluyendo un Acuerdo para firmar el robo a la totalidad de poblaci\u00f3n y a sus posibilidades de lucha.<br \/>\nCon la firma de este Acuerdo, los sindicatos CCOO y UGT han vuelto a traicionar las funciones del sindicalismo y con ello, a la clase trabajadora. Esto no es una novedad ya que as\u00ed lo vienen haciendo desde los Pactos de la Moncloa, iniciando un modelo de sindicalismo institucional al servicio de la patronal en una cadena continuada de renuncia a los m\u00e1s m\u00ednimos principios \u00e9ticos, sociales, reivindicativos\u2026 de defensa de los derechos de las y los trabajadores.<br \/>\nEste Acuerdo sobrepasa cualquier criterio de racionalidad que el sindicalismo debe tener presentes, ya que, con este Acuerdo, las y los trabajadores somos los responsables de la crisis y por tanto tenemos que pagarla, renunciando a parte de nuestro salario, de nuestros convenios, de nuestra capacidad de movilizaci\u00f3n. Los salarios son culpables de la crisis ; las condiciones de trabajo : jornada, tiempo de trabajo, sistemas de retribuci\u00f3n a la vez que el coste de los despidos, son responsables del paro, de la destrucci\u00f3n del tejido productivo\u2026, de la crisis del sistema financiero y la \u00fanica salida a la crisis es una mayor explotaci\u00f3n de las personas hasta recluirlas en la miseria.<br \/>\nCon este tipo de Acuerdos, los mejores gestores del capitalismo son los \u201csindicatos institucionales\u201d como fuerzas racionalizadoras y disciplinadoras del empobrecimiento generalizado de los seres humanos, material y mentalmente, renunciando a la lucha por el futuro, la solidaridad, la justicia social, la libertad individual y colectiva, el cambio de modelo productivo para la necesaria sostenibilidad medioambiental. Con este Acuerdo hay una sumisi\u00f3n absoluta de los y las trabajadoras al capital. Se olvidan del reparto del trabajo, del reparto de la riqueza, de la subida de impuestos a los ricos, de las gravaciones a las transacciones financieras\u2026, negando cualquier posibilidad de cambio, vendi\u00e9ndonos s\u00f3lo resignaci\u00f3n, sumisi\u00f3n, miedo, demovilizaci\u00f3n\u2026 Este modelo sindical institucional nos ha replegado a los dict\u00e1menes del capital, los pol\u00edticos, los banqueros.<br \/>\nLa Plataforma La Lucha Est\u00e1 en la Calle! consideramos repugnante este Acuerdo y nos vuelve a reafirmar m\u00e1s en la necesidad de dar una respuesta de lucha desde el mundo laboral y desde los movimientos sociales, una respuesta unitaria de toda la sociedad frente a este modelo social basado en la mera explotaci\u00f3n, la competividad, el individualismo.<br \/>\nLa Lucha est\u00e1 en la Calle!<br \/>\nCNT, CGT y Reg\u00fcelta<\/p>\n","protected":false},"excerpt":{"rendered":"<p>El 2 de febrero a las 19:00 horas frente al Ayuntamiento de Santander la Plataforma; la lucha est\u00e1 en la calle! formada por CGT, CNT y REG\u00dcELTA, se concentra contra el repugnante el acuerdo firmado por CCOO, UGT con las &hellip; <a href=\"https:\/\/cgtcantabria.org\/wp\/?p=294\">Sigue leyendo <span class=\"meta-nav\">&rarr;<\/span><\/a><\/p>\n","protected":false},"author":1,"featured_media":0,"comment_status":"open","ping_status":"open","sticky":false,"template":"","format":"standard","meta":{"footnotes":""},"categories":[7],"tags":[],"class_list":["post-294","post","type-post","status-publish","format-standard","hentry","category-movilizaciones"],"_links":{"self":[{"href":"https:\/\/cgtcantabria.org\/wp\/index.php?rest_route=\/wp\/v2\/posts\/294","targetHints":{"allow":["GET"]}}],"collection":[{"href":"https:\/\/cgtcantabria.org\/wp\/index.php?rest_route=\/wp\/v2\/posts"}],"about":[{"href":"https:\/\/cgtcantabria.org\/wp\/index.php?rest_route=\/wp\/v2\/types\/post"}],"author":[{"embeddable":true,"href":"https:\/\/cgtcantabria.org\/wp\/index.php?rest_route=\/wp\/v2\/users\/1"}],"replies":[{"embeddable":true,"href":"https:\/\/cgtcantabria.org\/wp\/index.php?rest_route=%2Fwp%2Fv2%2Fcomments&post=294"}],"version-history":[{"count":4,"href":"https:\/\/cgtcantabria.org\/wp\/index.php?rest_route=\/wp\/v2\/posts\/294\/revisions"}],"predecessor-version":[{"id":299,"href":"https:\/\/cgtcantabria.org\/wp\/index.php?rest_route=\/wp\/v2\/posts\/294\/revisions\/299"}],"wp:attachment":[{"href":"https:\/\/cgtcantabria.org\/wp\/index.php?rest_route=%2Fwp%2Fv2%2Fmedia&parent=294"}],"wp:term":[{"taxonomy":"category","embeddable":true,"href":"https:\/\/cgtcantabria.org\/wp\/index.php?rest_route=%2Fwp%2Fv2%2Fcategories&post=294"},{"taxonomy":"post_tag","embeddable":true,"href":"https:\/\/cgtcantabria.org\/wp\/index.php?rest_route=%2Fwp%2Fv2%2Ftags&post=294"}],"curies":[{"name":"wp","href":"https:\/\/api.w.org\/{rel}","templated":true}]}}