{"id":3005,"date":"2015-03-19T14:00:16","date_gmt":"2015-03-19T12:00:16","guid":{"rendered":"http:\/\/cgtcantabria.org\/wp\/?p=3005"},"modified":"2015-03-19T14:00:16","modified_gmt":"2015-03-19T12:00:16","slug":"video-rueda-de-prensa-las-marchas-de-la-dignidad-vuelven-el-21-de-marzo-a-madrid-para-exigir-pan-trabajo-techo-y-dignidad","status":"publish","type":"post","link":"https:\/\/cgtcantabria.org\/wp\/?p=3005","title":{"rendered":"Video Rueda de prensa: Las Marchas de la Dignidad vuelven el 21 de marzo a Madrid para exigir \u201cPan, Trabajo, Techo y Dignidad\u201d"},"content":{"rendered":"<div class=\"teaser\">\n<p style=\"text-align: justify;\"><strong>Las Marchas de la Dignidad, compuestas por m\u00e1s de 300 colectivos, han presentado en rueda de prensa las movilizaciones que se desarrollar\u00e1 a partir del 19 de marzo y hasta el 21 del mismo mes en la Comunidad de Madrid. Personas llegadas de toda la geograf\u00eda del Estado espa\u00f1ol tienen pensado marchar el 21 de marzo a trav\u00e9s de 8 rutas por el centro de Madrid y confluir a las 18.00 h en la Plaza de Col\u00f3n.<\/strong><\/p>\n<\/div>\n<div class=\"author\">\n<p>GABINETE DE PRENSA CONFEDERAL DE CGT<\/p>\n<\/div>\n<div class=\"content\">\n<p class=\"field-field-image\" style=\"text-align: justify;\"><a href=\"http:\/\/cgtcantabria.org\/wp\/wp-content\/uploads\/2015\/03\/RUEDA-DE-PRENSA-MARCHAS-DE-LA-DIGNIDAD-18-03-2015-013.jpg\"><img loading=\"lazy\" decoding=\"async\" class=\" size-full wp-image-3006 alignleft\" src=\"http:\/\/cgtcantabria.org\/wp\/wp-content\/uploads\/2015\/03\/RUEDA-DE-PRENSA-MARCHAS-DE-LA-DIGNIDAD-18-03-2015-013.jpg\" alt=\"RUEDA DE PRENSA-MARCHAS DE LA DIGNIDAD-18-03-2015 013\" width=\"200\" height=\"150\" \/><\/a>Portavoces de las Marchas han informado \u201cque la movilizaci\u00f3n tiene como objetivo exigir mejores condiciones de vida y denunciar la situaci\u00f3n de emergencia social en la que se encuentra una gran parte de la poblaci\u00f3n\u201d.<\/p>\n<p style=\"text-align: justify;\">Han se\u00f1alado la existencia de 5,5 millones de personas paradas, de ellas 3 millones est\u00e1n sin cobertura, el 55% de los j\u00f3venes sin empleo, 600.000 familias han sido desahuciadas, el 30% de la poblaci\u00f3n sumida en la pobreza y el galopante aumento de la desigualdad.<br \/>\nAnte esta situaci\u00f3n \u201cel Gobierno nos vende humo, cuando nos dice que ya hemos salido de la crisis\u201d ha declarado un portavoz, que tambi\u00e9n ha se\u00f1alado a la deuda y a sus intereses, junto con el bipartidismo fiel a la troika, como los responsables del empobrecimiento de la mayor\u00eda social.<\/p>\n<p style=\"text-align: justify;\">Las Marchas de la Dignidad se plantean una movilizaci\u00f3n sostenida en el tiempo, necesaria e independiente de cualquier escenario electoral, \u201cpues no hay que fiarlo a quien nos represente en un futuro\u201d se ha manifestado desde la mesa. A corto plazo est\u00e1 previsto la gran movilizaci\u00f3n del pr\u00f3ximo 21 de marzo y las que se convocar\u00e1n el 1\u00ba de mayo. Pero las Marchas han dado un paso m\u00e1s y han informado, que se han planteado la convocatoria de una huelga general laboral, social y de consumo para el 22 de octubre.<\/p>\n<p style=\"text-align: justify;\">La movilizaci\u00f3n ha sido comunicada a la Delegaci\u00f3n del Gobierno en Madrid y los organizadores han realizado un llamamiento a la participaci\u00f3n masiva y pac\u00edfica de la ciudadan\u00eda.<\/p>\n<p style=\"text-align: justify;\">18 de marzo de 2015<\/p>\n<p><iframe loading=\"lazy\" src=\"https:\/\/www.youtube.com\/embed\/v-nKAZXrIDA\" width=\"560\" height=\"315\" frameborder=\"0\" allowfullscreen=\"allowfullscreen\"><\/iframe><\/p>\n<\/div>\n","protected":false},"excerpt":{"rendered":"<p>Las Marchas de la Dignidad, compuestas por m\u00e1s de 300 colectivos, han presentado en rueda de prensa las movilizaciones que se desarrollar\u00e1 a partir del 19 de marzo y hasta el 21 del mismo mes en la Comunidad de Madrid. &hellip; <a href=\"https:\/\/cgtcantabria.org\/wp\/?p=3005\">Sigue leyendo <span class=\"meta-nav\">&rarr;<\/span><\/a><\/p>\n","protected":false},"author":13,"featured_media":0,"comment_status":"open","ping_status":"open","sticky":false,"template":"","format":"standard","meta":{"footnotes":""},"categories":[16,7],"tags":[],"class_list":["post-3005","post","type-post","status-publish","format-standard","hentry","category-accion-social","category-movilizaciones"],"_links":{"self":[{"href":"https:\/\/cgtcantabria.org\/wp\/index.php?rest_route=\/wp\/v2\/posts\/3005","targetHints":{"allow":["GET"]}}],"collection":[{"href":"https:\/\/cgtcantabria.org\/wp\/index.php?rest_route=\/wp\/v2\/posts"}],"about":[{"href":"https:\/\/cgtcantabria.org\/wp\/index.php?rest_route=\/wp\/v2\/types\/post"}],"author":[{"embeddable":true,"href":"https:\/\/cgtcantabria.org\/wp\/index.php?rest_route=\/wp\/v2\/users\/13"}],"replies":[{"embeddable":true,"href":"https:\/\/cgtcantabria.org\/wp\/index.php?rest_route=%2Fwp%2Fv2%2Fcomments&post=3005"}],"version-history":[{"count":1,"href":"https:\/\/cgtcantabria.org\/wp\/index.php?rest_route=\/wp\/v2\/posts\/3005\/revisions"}],"predecessor-version":[{"id":3007,"href":"https:\/\/cgtcantabria.org\/wp\/index.php?rest_route=\/wp\/v2\/posts\/3005\/revisions\/3007"}],"wp:attachment":[{"href":"https:\/\/cgtcantabria.org\/wp\/index.php?rest_route=%2Fwp%2Fv2%2Fmedia&parent=3005"}],"wp:term":[{"taxonomy":"category","embeddable":true,"href":"https:\/\/cgtcantabria.org\/wp\/index.php?rest_route=%2Fwp%2Fv2%2Fcategories&post=3005"},{"taxonomy":"post_tag","embeddable":true,"href":"https:\/\/cgtcantabria.org\/wp\/index.php?rest_route=%2Fwp%2Fv2%2Ftags&post=3005"}],"curies":[{"name":"wp","href":"https:\/\/api.w.org\/{rel}","templated":true}]}}