{"id":3104,"date":"2015-04-08T13:45:11","date_gmt":"2015-04-08T11:45:11","guid":{"rendered":"http:\/\/cgtcantabria.org\/wp\/?p=3104"},"modified":"2015-04-08T08:46:27","modified_gmt":"2015-04-08T06:46:27","slug":"video-concentracion-de-los-ferroviarios-de-cgt-en-adif","status":"publish","type":"post","link":"https:\/\/cgtcantabria.org\/wp\/?p=3104","title":{"rendered":"V\u00eddeo: Concentraci\u00f3n de los Ferroviarios de CGT en Adif"},"content":{"rendered":"<div class=\"teaser\">\n<p style=\"text-align: justify;\">CGT se concentra en la estaci\u00f3n de Atocha en protesta por la persecuci\u00f3n y represi\u00f3n sindical a la que se ve sometida en Adif, referida a la discriminaci\u00f3n que supone el acuerdo sobre derechos sindicales que han firmado CCOO y UGT pese que la CGT es la \u00fanica organizaci\u00f3n sindical que ha crecido en esta empresa en las elecciones sindicales recientemente celebradas.<\/p>\n<\/div>\n<div class=\"author\">\n<p>COMUNICACI\u00d3N CGT<\/p>\n<\/div>\n<p><iframe loading=\"lazy\" src=\"https:\/\/www.youtube.com\/embed\/6XSx6o6oIAE\" width=\"560\" height=\"315\" frameborder=\"0\" allowfullscreen=\"allowfullscreen\"><\/iframe><\/p>\n","protected":false},"excerpt":{"rendered":"<p>CGT se concentra en la estaci\u00f3n de Atocha en protesta por la persecuci\u00f3n y represi\u00f3n sindical a la que se ve sometida en Adif, referida a la discriminaci\u00f3n que supone el acuerdo sobre derechos sindicales que han firmado CCOO y &hellip; <a href=\"https:\/\/cgtcantabria.org\/wp\/?p=3104\">Sigue leyendo <span class=\"meta-nav\">&rarr;<\/span><\/a><\/p>\n","protected":false},"author":13,"featured_media":0,"comment_status":"open","ping_status":"open","sticky":false,"template":"","format":"standard","meta":{"footnotes":""},"categories":[15,27,4],"tags":[],"class_list":["post-3104","post","type-post","status-publish","format-standard","hentry","category-accion-sindical","category-ferroviarios","category-videos"],"_links":{"self":[{"href":"https:\/\/cgtcantabria.org\/wp\/index.php?rest_route=\/wp\/v2\/posts\/3104","targetHints":{"allow":["GET"]}}],"collection":[{"href":"https:\/\/cgtcantabria.org\/wp\/index.php?rest_route=\/wp\/v2\/posts"}],"about":[{"href":"https:\/\/cgtcantabria.org\/wp\/index.php?rest_route=\/wp\/v2\/types\/post"}],"author":[{"embeddable":true,"href":"https:\/\/cgtcantabria.org\/wp\/index.php?rest_route=\/wp\/v2\/users\/13"}],"replies":[{"embeddable":true,"href":"https:\/\/cgtcantabria.org\/wp\/index.php?rest_route=%2Fwp%2Fv2%2Fcomments&post=3104"}],"version-history":[{"count":1,"href":"https:\/\/cgtcantabria.org\/wp\/index.php?rest_route=\/wp\/v2\/posts\/3104\/revisions"}],"predecessor-version":[{"id":3105,"href":"https:\/\/cgtcantabria.org\/wp\/index.php?rest_route=\/wp\/v2\/posts\/3104\/revisions\/3105"}],"wp:attachment":[{"href":"https:\/\/cgtcantabria.org\/wp\/index.php?rest_route=%2Fwp%2Fv2%2Fmedia&parent=3104"}],"wp:term":[{"taxonomy":"category","embeddable":true,"href":"https:\/\/cgtcantabria.org\/wp\/index.php?rest_route=%2Fwp%2Fv2%2Fcategories&post=3104"},{"taxonomy":"post_tag","embeddable":true,"href":"https:\/\/cgtcantabria.org\/wp\/index.php?rest_route=%2Fwp%2Fv2%2Ftags&post=3104"}],"curies":[{"name":"wp","href":"https:\/\/api.w.org\/{rel}","templated":true}]}}