{"id":3116,"date":"2015-04-12T10:10:58","date_gmt":"2015-04-12T08:10:58","guid":{"rendered":"http:\/\/cgtcantabria.org\/wp\/?p=3116"},"modified":"2015-04-10T10:57:23","modified_gmt":"2015-04-10T08:57:23","slug":"hacia-el-fin-del-servicio-postal-universal","status":"publish","type":"post","link":"https:\/\/cgtcantabria.org\/wp\/?p=3116","title":{"rendered":"Hacia el fin del servicio postal universal"},"content":{"rendered":"<p style=\"text-align: justify;\">Los recortes en personal y el aumento de carga de trabajo de los y las empleadas de Correos auguran una primavera de movilizaciones entre la plantilla de la empresa p\u00fablica.<\/p>\n<div class=\"panels-flexible-row panels-flexible-row-art_foto_dcha-main-row panels-flexible-row-first clearfix\">\n<div class=\"inside panels-flexible-row-inside panels-flexible-row-art_foto_dcha-main-row-inside panels-flexible-row-inside-first clearfix\">\n<div class=\"panels-flexible-region panels-flexible-region-art_foto_dcha-center panels-flexible-region-first panels-flexible-region-last \">\n<div class=\"inside panels-flexible-region-inside panels-flexible-region-art_foto_dcha-center-inside panels-flexible-region-inside-first panels-flexible-region-inside-last\">\n<div class=\"panel-pane pane-custom pane-1 cabecera\">\n<div class=\"pane-content\">\n<div class=\"art_subtitulo\">\n<p><a href=\"https:\/\/www.diagonalperiodico.net\/taxonomy\/term\/18195\">Diagonal<\/a><\/p>\n<\/div>\n<\/div>\n<\/div>\n<div class=\"panel-pane pane-views-panes pane-opinador-defopinador-panel-pane-1\">\n<div class=\"pane-content\">\n<div class=\"view view-opinador-defopinador view-id-opinador_defopinador view-display-id-panel_pane_1 view-dom-id-17b42f9a5d69f5b88c5c61bae1ce5f72\">\n<div class=\"view-content\">\n<div class=\"views-row views-row-1 views-row-odd views-row-first views-row-last\">\n<div class=\"views-field views-field-php-1\">\n<p style=\"text-align: justify;\"><a href=\"http:\/\/cgtcantabria.org\/wp\/wp-content\/uploads\/2015\/04\/arton5713.jpg\"><img loading=\"lazy\" decoding=\"async\" class=\"  wp-image-3117 alignright\" src=\"http:\/\/cgtcantabria.org\/wp\/wp-content\/uploads\/2015\/04\/arton5713.jpg\" alt=\"arton5713\" width=\"292\" height=\"291\" srcset=\"https:\/\/cgtcantabria.org\/wp\/wp-content\/uploads\/2015\/04\/arton5713.jpg 500w, https:\/\/cgtcantabria.org\/wp\/wp-content\/uploads\/2015\/04\/arton5713-150x150.jpg 150w, https:\/\/cgtcantabria.org\/wp\/wp-content\/uploads\/2015\/04\/arton5713-300x300.jpg 300w\" sizes=\"auto, (max-width: 292px) 100vw, 292px\" \/><\/a>\u201cCorreos incumple el servicio postal universal\u201d, denuncia la secci\u00f3n sindical de CGT de la empresa. El motivo, nuevos recortes en la Comunidad de Madrid, anunciados el pasado d\u00eda 30 de marzo, que incluir\u00e1n la <strong>eliminaci\u00f3n de carteros y la ampliaci\u00f3n de las zonas de reparto que corresponde a cada uno en Collado Villalba, Tres Cantos, M\u00f3stoles, Getafe, Legan\u00e9s y en algunas \u00e1reas de Madrid (Chamart\u00edn, Atocha, Chueca)<\/strong>. \u201cQuieren evitar una rebeli\u00f3n generalizada y van haciendo los recortes poco a poco\u201d, explica Ra\u00fal Navas, secretario general de CGT Madrid, a Diagonal. Estos recortes se sumar\u00edan a los llevados a cabo en los \u00faltimos a\u00f1os y que han significado la destrucci\u00f3n de miles de puestos de trabajo.<\/p>\n<p style=\"text-align: justify;\"><strong>En la ciudad de Majadahonda (Madrid), los recortes de personal han llevado a que 37 zonas sean repartidas por 29 carteros. Los trabajadores afrontan su cuarta semana de huelga indefinida<\/strong> debido a la eliminaci\u00f3n de cinco puestos de trabajo m\u00e1s. \u201cSe est\u00e1n haciendo colectas en centros de trabajo, para formar una caja de resistencia, y lo estamos difundiendo donde podemos. El seguimiento de la huelga est\u00e1 siendo de un 85-90%. El mi\u00e9rcoles pasado, por ejemplo, de 30 carteros s\u00f3lo hab\u00eda dos trabajando, y eran personal temporal\u201d, asegura Navas. Reclaman que haya un cartero para cada secci\u00f3n (zona de reparto), que es lo que siempre ha ocurrido.<\/p>\n<p style=\"text-align: justify;\">\u201cEn Majadahonda no han podido m\u00e1s y se han unido en esta reivindicaci\u00f3n. Hoy Correos ha convocado una reuni\u00f3n, y tendremos que ver qu\u00e9 sale de ah\u00ed. Pero <strong>la situaci\u00f3n no s\u00f3lo se limita a Madrid, est\u00e1 pasando en todo el Estado<\/strong>(Barakaldo, Algeciras, Murcia, Castell\u00f3n&#8230;). En Castell\u00f3n la huelga acab\u00f3 con el compromiso de un cartero\/a por zona de reparto, pero se trat\u00f3 de un compromiso verbal\u201d. Desde CGT se se\u00f1ala que Correos siempre ha seguido una pol\u00edtica de negociaci\u00f3n muy dura y, ante los conflictos laborales nunca ha querido negociar, ni siquiera servicios m\u00ednimos.<\/p>\n<p style=\"text-align: justify;\">Por su parte, <strong>CC.OO. ha anunciado once jornadas de huelga en todo el Estado<\/strong>, debido al bloqueo de a\u00f1o y medio del convenio colectivo en la empresa p\u00fablica, y \u00abcontra su propuesta de seguir recortando empleo a pesar de los 14.000 puestos de trabajo que han eliminado en los \u00faltimos cinco a\u00f1os\u00bb. Las fechas que ha propuesto este sindicato son el 30 de abril, 4, 14, 15, 18, 19, 20, 21, 22, 23 y 24 de mayo.<\/p>\n<p style=\"text-align: justify;\">Los trabajadores hacen hincapi\u00e9 en la situaci\u00f3n de creciente precariedad en una<strong>empresa \u201ccon beneficios de 50 millones en 2014, donde existen sueldos de m\u00e1s de 13 mil euros mensuales y dietas de 100 euros al d\u00eda\u201d<\/strong>, afirman, \u201cy donde su presidente tiene un salario de 178.000 euros al a\u00f1o\u201d, denuncian desde CGT.<\/p>\n<\/div>\n<\/div>\n<\/div>\n<\/div>\n<\/div>\n<\/div>\n<div class=\"panel-pane pane-node-created\"><\/div>\n<\/div>\n<\/div>\n<\/div>\n<\/div>\n","protected":false},"excerpt":{"rendered":"<p>Los recortes en personal y el aumento de carga de trabajo de los y las empleadas de Correos auguran una primavera de movilizaciones entre la plantilla de la empresa p\u00fablica. Diagonal \u201cCorreos incumple el servicio postal universal\u201d, denuncia la secci\u00f3n &hellip; <a href=\"https:\/\/cgtcantabria.org\/wp\/?p=3116\">Sigue leyendo <span class=\"meta-nav\">&rarr;<\/span><\/a><\/p>\n","protected":false},"author":13,"featured_media":0,"comment_status":"open","ping_status":"open","sticky":false,"template":"","format":"standard","meta":{"footnotes":""},"categories":[15,26],"tags":[],"class_list":["post-3116","post","type-post","status-publish","format-standard","hentry","category-accion-sindical","category-correos"],"_links":{"self":[{"href":"https:\/\/cgtcantabria.org\/wp\/index.php?rest_route=\/wp\/v2\/posts\/3116","targetHints":{"allow":["GET"]}}],"collection":[{"href":"https:\/\/cgtcantabria.org\/wp\/index.php?rest_route=\/wp\/v2\/posts"}],"about":[{"href":"https:\/\/cgtcantabria.org\/wp\/index.php?rest_route=\/wp\/v2\/types\/post"}],"author":[{"embeddable":true,"href":"https:\/\/cgtcantabria.org\/wp\/index.php?rest_route=\/wp\/v2\/users\/13"}],"replies":[{"embeddable":true,"href":"https:\/\/cgtcantabria.org\/wp\/index.php?rest_route=%2Fwp%2Fv2%2Fcomments&post=3116"}],"version-history":[{"count":2,"href":"https:\/\/cgtcantabria.org\/wp\/index.php?rest_route=\/wp\/v2\/posts\/3116\/revisions"}],"predecessor-version":[{"id":3119,"href":"https:\/\/cgtcantabria.org\/wp\/index.php?rest_route=\/wp\/v2\/posts\/3116\/revisions\/3119"}],"wp:attachment":[{"href":"https:\/\/cgtcantabria.org\/wp\/index.php?rest_route=%2Fwp%2Fv2%2Fmedia&parent=3116"}],"wp:term":[{"taxonomy":"category","embeddable":true,"href":"https:\/\/cgtcantabria.org\/wp\/index.php?rest_route=%2Fwp%2Fv2%2Fcategories&post=3116"},{"taxonomy":"post_tag","embeddable":true,"href":"https:\/\/cgtcantabria.org\/wp\/index.php?rest_route=%2Fwp%2Fv2%2Ftags&post=3116"}],"curies":[{"name":"wp","href":"https:\/\/api.w.org\/{rel}","templated":true}]}}