{"id":3253,"date":"2015-05-13T09:46:17","date_gmt":"2015-05-13T07:46:17","guid":{"rendered":"http:\/\/cgtcantabria.org\/wp\/?p=3253"},"modified":"2015-05-13T09:46:17","modified_gmt":"2015-05-13T07:46:17","slug":"la-cgt-sigue-respaldando-la-lucha-de-los-trabajadores-y-trabajadoras-de-movistar","status":"publish","type":"post","link":"https:\/\/cgtcantabria.org\/wp\/?p=3253","title":{"rendered":"La CGT sigue respaldando la lucha de los trabajadores y trabajadoras de Movistar"},"content":{"rendered":"<h3 align=\"center\">COMUNICADO DE PRENSA<\/h3>\n<h3 style=\"text-align: justify;\" align=\"center\">Tras el fracaso de los reiterados intentos por romper la llamada \u201chuelga de las escaleras\u201d la patronal del grupo Telef\u00f3nica se ve obligada a abrir unas negociaciones con los trabajadores y las trabajadoras aut\u00f3nomas y de contratas de Movistar tras el encierro de un grupo de \u00e9stos en la tienda de marca en Barcelona<\/h3>\n<h3 style=\"text-align: justify;\">La Confederaci\u00f3n General del Trabajo (CGT) quiere manifestar todo su apoyo al conjunto de trabajadoras y trabajadores implicados en la lucha de Movistar en la etapa de negociaciones que se ha iniciado este lunes, 11 de mayo, del mismo modo que ha estado respaldando a estos falsos aut\u00f3nomos y plantillas de subcontratas que trabajan para dicha empresa de comunicaciones, desde que sus asambleas territoriales decidieron recurrir a la huelga para exigir unos justos derechos y unas retribuciones dignas.<\/h3>\n<p style=\"text-align: justify;\"><span style=\"color: #000000;\"><a href=\"http:\/\/cgtcantabria.org\/wp\/wp-content\/uploads\/2015\/05\/CB_7Vr9W0AA6EXb.jpg\"><img loading=\"lazy\" decoding=\"async\" class=\"aligncenter size-large wp-image-3254\" src=\"http:\/\/cgtcantabria.org\/wp\/wp-content\/uploads\/2015\/05\/CB_7Vr9W0AA6EXb-1024x724.jpg\" alt=\"CB_7Vr9W0AA6EXb\" width=\"640\" height=\"453\" srcset=\"https:\/\/cgtcantabria.org\/wp\/wp-content\/uploads\/2015\/05\/CB_7Vr9W0AA6EXb.jpg 1024w, https:\/\/cgtcantabria.org\/wp\/wp-content\/uploads\/2015\/05\/CB_7Vr9W0AA6EXb-300x212.jpg 300w\" sizes=\"auto, (max-width: 640px) 100vw, 640px\" \/><\/a>El conflicto, que ya ha entrado en su sexta semana, ha pasado por toda una serie de ataques directos y maniobras tendentes a hacer fracasar la huelga, desde presiones y amenazas nada veladas de las direcciones de Telef\u00f3nica y sus empresas auxiliares, al intento de negociaciones con UGT y CCOO \u2013 llegando a firmarse un rid\u00edculo acuerdo al margen de las asambleas y la desconvocatoria de la huelga- pasando por desorbitados despliegues policiales y de vigilantes de seguridad ante cada acci\u00f3n de protesta que los trabajadores y las trabajadoras han realizado y por un silencio informativo que nos recuerda a otras \u00e9pocas.<\/span><\/p>\n<p style=\"text-align: justify;\"><span style=\"color: #000000;\">Fracasadas los dos primeras estrategias contra las trabajadoras los trabajadores y el derecho de huelga puestas en marcha con toda alevos\u00eda, inmediatamente se pas\u00f3 a la v\u00eda represiva (que algunos deben pensar sigue siendo la m\u00e1s eficaz cuando de acallar voces que piden libertad y justicia se trata) y en la madrugada siguiente al vergonzoso acuerdo se procede a detener a cinco trabajadores de contratas de Movistar, bajo la grave acusaci\u00f3n de sabotaje y obstrucci\u00f3n al derecho al trabajo. Posteriormente se detiene a otros cuatro, mientras la huelga prosigue y deja en muy mal lugar al grupo Telef\u00f3nica y a sus sindicatos UGT y CCOO.<\/span><\/p>\n<p style=\"text-align: justify;\"><span style=\"color: #000000;\">En la reuni\u00f3n mantenida, en Barcelona, el d\u00eda 11 de mayo con Telef\u00f3nica, \u00e9sta no ofrece a los trabajadores y trabajadoras nada m\u00e1s que el rid\u00edculo acuerdo de CCOO y UGT, pidi\u00e9ndoles adem\u00e1s que abandonen la huelga. Nada que tenga que ver con sus justas demandas, por lo que la huelga contin\u00faa y se endurecer\u00e1 m\u00e1s ante la insensible y provocadora actitud de la multinacional.<\/span><\/p>\n<p style=\"text-align: justify;\"><span style=\"color: #000000;\">Por todo ello, y como ilustrativo ejemplo de estas pol\u00edticas de represi\u00f3n de las que es buena prueba la Ley Mordaza, que muy pronto entrar\u00e1 en vigor, la CGT tambi\u00e9n quiere denunciar el acoso y el silencio, impuestos desde arriba, que sufren estas trabajadoras y trabajadores aut\u00f3nomos y subcontratados de Movistar durante las m\u00e1s de cinco semanas completas que ya dura su huelga indefinida.<\/span><\/p>\n<p style=\"text-align: justify;\"><span style=\"color: #000000;\">Posteriormente todos los detenidos han sido puestos en libertad, aunque con cargos, lo que nos hace temer que ser\u00e1n acusados y tendr\u00e1n que enfrentarse a tan duras peticiones de penas como el resto de los dos centenares de trabajadores y trabajadoras que est\u00e1n en espera de juicio por haber sido acusados de los \u201cdelitos\u201d de participar en piquetes informativos, hacer pintadas, quemar fotocopias de billetes o acudir a manifestaciones.<\/span><\/p>\n<p style=\"text-align: justify;\"><span style=\"color: #000000;\">La CGT condena todas est\u00e1s vulneraciones de nuestros derechos y libertades m\u00e1s elementales como ciudadanos y trabajadores, y manifiesta su determinaci\u00f3n de seguir defendiendo en la calle y ante las propias instituciones los derechos a opinar, expresar y manifestar nuestras ideas y reivindicaciones. Como se grita habitualmente en las manifestaciones: \u201cLa represi\u00f3n no nos detendr\u00e1\u201d, que lo sepan estos gobernantes y los que puedan venir.<\/span><\/p>\n<p><a href=\"http:\/\/www.cgt.org.es\/noticias-cgt\/notas-de-prensa\/la-cgt-sigue-respaldando-la-lucha-de-los-trabajadores-y-trabajadoras-de\" target=\"_blank\">http:\/\/www.cgt.org.es\/<wbr \/>noticias-cgt\/notas-de-prensa\/<wbr \/>la-cgt-sigue-respaldando-la-<wbr \/>lucha-de-los-trabajadores-y-<wbr \/>trabajadoras-de<\/a><\/p>\n<p><strong>CUENTAS CAJAS DE RESISTENCIA<\/strong><\/p>\n<p><strong>\u00c1lava: \u00a0ES38-3035-0061-90-0610063590<\/strong><br \/>\n<strong>Asturias: ES64-2100-5638-56-0200080600<\/strong><br \/>\n<strong>Alicante: ES65 2100 4026 5522 0007 4445 <\/strong><br \/>\n<strong>Bizkaia: ES95-3035-0150-09-1500034173<\/strong><br \/>\n<strong>C\u00e1diz: ES67-2100-8540-82-0200091700<\/strong><br \/>\n<strong>Catalunya: ES40- 1491-0001-23-2130519024<\/strong><br \/>\n<strong>Galicia: ES76- 2080-0085-8430-4001-6800<\/strong><br \/>\n<strong>Gipuzkoa: ES09 3008 0251 5031 3672 1424<\/strong><br \/>\n<strong>Huelva: ES04-2100-7173-73-0100075570<\/strong><br \/>\n<strong>Ja\u00e9n: ES04-0073-0100-5105-3626-8138<\/strong><br \/>\n<strong>Madrid y otros: ES03-2038-1969-69-6000178200<\/strong><br \/>\n<strong>Sevilla: ES81-2100-7337-3102-0005-0792<\/strong><\/p>\n<p><strong>Concepto: Comit\u00e9 de huelga t\u00e9cnicos Movistar<\/strong><\/p>\n","protected":false},"excerpt":{"rendered":"<p>COMUNICADO DE PRENSA Tras el fracaso de los reiterados intentos por romper la llamada \u201chuelga de las escaleras\u201d la patronal del grupo Telef\u00f3nica se ve obligada a abrir unas negociaciones con los trabajadores y las trabajadoras aut\u00f3nomas y de contratas &hellip; <a href=\"https:\/\/cgtcantabria.org\/wp\/?p=3253\">Sigue leyendo <span class=\"meta-nav\">&rarr;<\/span><\/a><\/p>\n","protected":false},"author":13,"featured_media":0,"comment_status":"open","ping_status":"open","sticky":false,"template":"","format":"standard","meta":{"footnotes":""},"categories":[15,5,29,24],"tags":[],"class_list":["post-3253","post","type-post","status-publish","format-standard","hentry","category-accion-sindical","category-comunicados","category-huelga","category-telefonica-movistar"],"_links":{"self":[{"href":"https:\/\/cgtcantabria.org\/wp\/index.php?rest_route=\/wp\/v2\/posts\/3253","targetHints":{"allow":["GET"]}}],"collection":[{"href":"https:\/\/cgtcantabria.org\/wp\/index.php?rest_route=\/wp\/v2\/posts"}],"about":[{"href":"https:\/\/cgtcantabria.org\/wp\/index.php?rest_route=\/wp\/v2\/types\/post"}],"author":[{"embeddable":true,"href":"https:\/\/cgtcantabria.org\/wp\/index.php?rest_route=\/wp\/v2\/users\/13"}],"replies":[{"embeddable":true,"href":"https:\/\/cgtcantabria.org\/wp\/index.php?rest_route=%2Fwp%2Fv2%2Fcomments&post=3253"}],"version-history":[{"count":5,"href":"https:\/\/cgtcantabria.org\/wp\/index.php?rest_route=\/wp\/v2\/posts\/3253\/revisions"}],"predecessor-version":[{"id":3259,"href":"https:\/\/cgtcantabria.org\/wp\/index.php?rest_route=\/wp\/v2\/posts\/3253\/revisions\/3259"}],"wp:attachment":[{"href":"https:\/\/cgtcantabria.org\/wp\/index.php?rest_route=%2Fwp%2Fv2%2Fmedia&parent=3253"}],"wp:term":[{"taxonomy":"category","embeddable":true,"href":"https:\/\/cgtcantabria.org\/wp\/index.php?rest_route=%2Fwp%2Fv2%2Fcategories&post=3253"},{"taxonomy":"post_tag","embeddable":true,"href":"https:\/\/cgtcantabria.org\/wp\/index.php?rest_route=%2Fwp%2Fv2%2Ftags&post=3253"}],"curies":[{"name":"wp","href":"https:\/\/api.w.org\/{rel}","templated":true}]}}