{"id":3263,"date":"2015-05-13T16:10:38","date_gmt":"2015-05-13T14:10:38","guid":{"rendered":"http:\/\/cgtcantabria.org\/wp\/?p=3263"},"modified":"2015-05-13T10:00:24","modified_gmt":"2015-05-13T08:00:24","slug":"comunicado-asamblea-del-grupo-de-apoyo-a-las-condenadas-de-aturem-el-parlament","status":"publish","type":"post","link":"https:\/\/cgtcantabria.org\/wp\/?p=3263","title":{"rendered":"COMUNICADO &#8211; Asamblea del Grupo de Apoyo a las Condenadas de Aturem el Parlament"},"content":{"rendered":"<h2 style=\"text-align: center;\">HEMOS DECIDIDO SEGUIR JUNTAS<\/h2>\n<p style=\"text-align: justify;\">Una nueva jarra de agua fr\u00eda nos fue lanzada el pasado 30 de abril cuando las abogadas nos hicieron saber que pronto llegar\u00edan las comunicaciones de ingreso a prisi\u00f3n en 10 dies de las 8 compa\u00f1eras condenadas a 3 a\u00f1os de prisi\u00f3n por participar en la acci\u00f3n de \u2018Aturem el Parlament\u2019 el 2011. La cuenta atr\u00e1s realmente comienza con la entrega de la notificaci\u00f3n personal a cada encausada y \u00e9stas se est\u00e1n produciendo desde el pasado 8 de mayo. Pero los tiempos que nos imponen son inciertos porque tambi\u00e9n nos encontramos a la espera de las resoluciones judiciales de los recursos interpuestos que podr\u00edan eventualmente frenar el ingreso.<\/p>\n<p style=\"text-align: justify;\"><a href=\"http:\/\/cgtcantabria.org\/wp\/wp-content\/uploads\/2015\/05\/cartel-parlament-granada-29m.jpg\"><img loading=\"lazy\" decoding=\"async\" class=\"aligncenter size-large wp-image-3265\" src=\"http:\/\/cgtcantabria.org\/wp\/wp-content\/uploads\/2015\/05\/cartel-parlament-granada-29m-871x1024.jpg\" alt=\"cartel-parlament-granada-29m\" width=\"640\" height=\"752\" srcset=\"https:\/\/cgtcantabria.org\/wp\/wp-content\/uploads\/2015\/05\/cartel-parlament-granada-29m-871x1024.jpg 871w, https:\/\/cgtcantabria.org\/wp\/wp-content\/uploads\/2015\/05\/cartel-parlament-granada-29m-255x300.jpg 255w\" sizes=\"auto, (max-width: 640px) 100vw, 640px\" \/><\/a>Ante estos hechos, por lo que respecta a la v\u00eda legal, se interpondr\u00e1 un recurso ante el Tribunal Constitucional que, dados los tempos, no evitar\u00e1 el ingreso en prisi\u00f3n. As\u00ed, al vernos entre la espada y la pared, hemos decidido pedir un indulto total a la Audiencia Nacional. Sin entrar en tecnicismos, estamos pidiendo un tipo de indulto que no ponga en riesgo la libertad de ninguna compa\u00f1era, ya que si se pidiera el parcial para todas, una de ellas ser\u00eda encarcelada. Ante la voluntad que tiene la represi\u00f3n de aislarnos y fracturar los diferentes movimientos, hemos priorizado mantenernos juntas y construir una propuesta com\u00fan que incluye la situaci\u00f3n de todas. Para nosotras es un tr\u00e1mite burocr\u00e1tico del cual no haremos bandera, pero que decidimos utilizar al ser la \u00fanica v\u00eda legal de que disponemos para evitar el encarcelamiento de nuestras compa\u00f1eras.<\/p>\n<p style=\"text-align: justify;\">Tambi\u00e9n queremos aclarar que pedir un indulto no implica arrepentirse de los hechos sucedidos aquel d\u00eda. Adem\u00e1s, hemos decidido no alegar causas personales que har\u00edan distinciones entre compa\u00f1eras por el grado de normativizaci\u00f3n de las vidas propias.<\/p>\n<p style=\"text-align: justify;\">De la misma manera, desde la asamblea de encausadas evocamos y reivindicamos la acci\u00f3n \u201cAturem el Parlament\u201d de aquel 15 de junio de 2011. Para muchas fue un d\u00eda radiante, donde por unos instantes el miedo parec\u00eda haber cambiado de bando. Fue un d\u00eda empoderador porque se vivi\u00f3 y practic\u00f3 la pol\u00edtica real, la de las personas, haciendo un ejercicio de resistencia y mostrando la fuerza colectiva confrontada a una \u00e9lite que viste trajes, corbatas y maletines, que se refugia entre las paredes de edificios institucionales, que se autodenomina democr\u00e1tica, que busca el lucro personal y empresarial, que se protege con un ej\u00e9rcito de polic\u00edas armados hasta los dientes y con los massmedia.<\/p>\n<p style=\"text-align: justify;\">Aquel d\u00eda tembl\u00f3 todo. Y pese a que consiguieron aprobar los recortes presupuestarios m\u00e1s importantes que se han hecho nunca en Catalunya, nosotras seguimos reivindicando la acci\u00f3n de protesta ante el sistema pol\u00edtico actual y sus realidades injustas, violentas y con graves implicaciones para nuestras vidas. \u00bfQu\u00e9 son gritos y empujones ante las consecuencias que han tenido estos presupuestos en sanidad, educaci\u00f3n o en tantos otros \u00e1mbitos? Nada. Pero de nuevo se repiti\u00f3 la historia en la que los medios de comunicaci\u00f3n burgueses desinformaron y donde las disidentes pol\u00edticas recibimos palos, como los que seguimos recibiendo.<\/p>\n<p style=\"text-align: justify;\">En el actual estado de corrupci\u00f3n y miseria cada vez somos m\u00e1s las que sentimos ira y desprecio hacia su sistema de representaci\u00f3n pol\u00edtica, movido por intereses personales y econ\u00f3micos, y hacia toda su maquinaria represiva que se pone en juego cuando hay personas que nos plantamos. Ante la condena que pesa sobre la espalda de estas 8 personas, nuestra respuesta ha sido siempre la resistencia colectiva desde las calles. Y as\u00ed seguiremos.<\/p>\n<p style=\"text-align: justify;\">Pr\u00f3ximamente anunciaremos nuevas convocatorias para hacer frente a las detenciones si es que se van a producir. Aprovechamos para saludar y alentar a nuestras compa\u00f1eras que \u00faltimamente han sido golpeadas por la represi\u00f3n. No olvidamos a las encausadas por el hechos contra el desalojo de Can Vies, las represalias por la Operaci\u00f3n Pi\u00f1ata y Pandora, las huelguistas y tantas otras que no cabr\u00edan en estas l\u00edneas.<\/p>\n<p>\u00a1Estad atentas a las convocatorias de apoyo!<br \/>\n\u00a1Si nos tocan a una, nos tocan a todas!<br \/>\n\u00a1Ni amordazadas ni domesticadas. Luchando responderemos!<\/p>\n<p><strong>Asamblea del grupo de apoyo a las condenadas de Aturem el Parlament.<\/strong><\/p>\n","protected":false},"excerpt":{"rendered":"<p>HEMOS DECIDIDO SEGUIR JUNTAS Una nueva jarra de agua fr\u00eda nos fue lanzada el pasado 30 de abril cuando las abogadas nos hicieron saber que pronto llegar\u00edan las comunicaciones de ingreso a prisi\u00f3n en 10 dies de las 8 compa\u00f1eras &hellip; <a href=\"https:\/\/cgtcantabria.org\/wp\/?p=3263\">Sigue leyendo <span class=\"meta-nav\">&rarr;<\/span><\/a><\/p>\n","protected":false},"author":13,"featured_media":0,"comment_status":"open","ping_status":"open","sticky":false,"template":"","format":"standard","meta":{"footnotes":""},"categories":[16],"tags":[],"class_list":["post-3263","post","type-post","status-publish","format-standard","hentry","category-accion-social"],"_links":{"self":[{"href":"https:\/\/cgtcantabria.org\/wp\/index.php?rest_route=\/wp\/v2\/posts\/3263","targetHints":{"allow":["GET"]}}],"collection":[{"href":"https:\/\/cgtcantabria.org\/wp\/index.php?rest_route=\/wp\/v2\/posts"}],"about":[{"href":"https:\/\/cgtcantabria.org\/wp\/index.php?rest_route=\/wp\/v2\/types\/post"}],"author":[{"embeddable":true,"href":"https:\/\/cgtcantabria.org\/wp\/index.php?rest_route=\/wp\/v2\/users\/13"}],"replies":[{"embeddable":true,"href":"https:\/\/cgtcantabria.org\/wp\/index.php?rest_route=%2Fwp%2Fv2%2Fcomments&post=3263"}],"version-history":[{"count":4,"href":"https:\/\/cgtcantabria.org\/wp\/index.php?rest_route=\/wp\/v2\/posts\/3263\/revisions"}],"predecessor-version":[{"id":3268,"href":"https:\/\/cgtcantabria.org\/wp\/index.php?rest_route=\/wp\/v2\/posts\/3263\/revisions\/3268"}],"wp:attachment":[{"href":"https:\/\/cgtcantabria.org\/wp\/index.php?rest_route=%2Fwp%2Fv2%2Fmedia&parent=3263"}],"wp:term":[{"taxonomy":"category","embeddable":true,"href":"https:\/\/cgtcantabria.org\/wp\/index.php?rest_route=%2Fwp%2Fv2%2Fcategories&post=3263"},{"taxonomy":"post_tag","embeddable":true,"href":"https:\/\/cgtcantabria.org\/wp\/index.php?rest_route=%2Fwp%2Fv2%2Ftags&post=3263"}],"curies":[{"name":"wp","href":"https:\/\/api.w.org\/{rel}","templated":true}]}}