{"id":3281,"date":"2015-05-18T18:27:52","date_gmt":"2015-05-18T16:27:52","guid":{"rendered":"http:\/\/cgtcantabria.org\/wp\/?p=3281"},"modified":"2015-05-26T18:35:22","modified_gmt":"2015-05-26T16:35:22","slug":"desplazamiento-forzado-en-chiapas-audio","status":"publish","type":"post","link":"https:\/\/cgtcantabria.org\/wp\/?p=3281","title":{"rendered":"Desplazamiento forzado en Chiapas (Audio)"},"content":{"rendered":"<p style=\"text-align: justify;\"><a href=\"http:\/\/cgtcantabria.org\/wp\/wp-content\/uploads\/2015\/05\/unnamed-2.jpg\"><img loading=\"lazy\" decoding=\"async\" class=\"  wp-image-3282 alignright\" src=\"http:\/\/cgtcantabria.org\/wp\/wp-content\/uploads\/2015\/05\/unnamed-2.jpg\" alt=\"unnamed (2)\" width=\"195\" height=\"130\" srcset=\"https:\/\/cgtcantabria.org\/wp\/wp-content\/uploads\/2015\/05\/unnamed-2.jpg 944w, https:\/\/cgtcantabria.org\/wp\/wp-content\/uploads\/2015\/05\/unnamed-2-300x200.jpg 300w\" sizes=\"auto, (max-width: 195px) 100vw, 195px\" \/><\/a>V\u00edctor Hugo L\u00f3pez es director del Centro de Derechos Humanos Fray Bartolom\u00e9 de Las Casas. En entrevista con Radio Zapatista, nos hace un recuento sobre la situaci\u00f3n de desplazamiento forzado en Chiapas.<\/p>\n<h3><a href=\"http:\/\/www.cgtchiapas.org\/noticias\/desplazamiento-forzado-chiapas-audio\" target=\"_blank\">Desplazamiento forzado en Chiapas (Audio)<\/a><\/h3>\n<p><a href=\"http:\/\/cgtcantabria.org\/wp\/wp-content\/uploads\/2014\/07\/cgt_chiapas.jpg\"><img loading=\"lazy\" decoding=\"async\" class=\"aligncenter size-full wp-image-2099\" src=\"http:\/\/cgtcantabria.org\/wp\/wp-content\/uploads\/2014\/07\/cgt_chiapas.jpg\" alt=\"cgt_chiapas\" width=\"250\" height=\"66\" \/><\/a><\/p>\n","protected":false},"excerpt":{"rendered":"<p>V\u00edctor Hugo L\u00f3pez es director del Centro de Derechos Humanos Fray Bartolom\u00e9 de Las Casas. En entrevista con Radio Zapatista, nos hace un recuento sobre la situaci\u00f3n de desplazamiento forzado en Chiapas. Desplazamiento forzado en Chiapas (Audio)<\/p>\n","protected":false},"author":13,"featured_media":0,"comment_status":"open","ping_status":"open","sticky":false,"template":"","format":"gallery","meta":{"footnotes":""},"categories":[16,28,25],"tags":[],"class_list":["post-3281","post","type-post","status-publish","format-gallery","hentry","category-accion-social","category-audio","category-internacional","post_format-post-format-gallery"],"_links":{"self":[{"href":"https:\/\/cgtcantabria.org\/wp\/index.php?rest_route=\/wp\/v2\/posts\/3281","targetHints":{"allow":["GET"]}}],"collection":[{"href":"https:\/\/cgtcantabria.org\/wp\/index.php?rest_route=\/wp\/v2\/posts"}],"about":[{"href":"https:\/\/cgtcantabria.org\/wp\/index.php?rest_route=\/wp\/v2\/types\/post"}],"author":[{"embeddable":true,"href":"https:\/\/cgtcantabria.org\/wp\/index.php?rest_route=\/wp\/v2\/users\/13"}],"replies":[{"embeddable":true,"href":"https:\/\/cgtcantabria.org\/wp\/index.php?rest_route=%2Fwp%2Fv2%2Fcomments&post=3281"}],"version-history":[{"count":2,"href":"https:\/\/cgtcantabria.org\/wp\/index.php?rest_route=\/wp\/v2\/posts\/3281\/revisions"}],"predecessor-version":[{"id":3284,"href":"https:\/\/cgtcantabria.org\/wp\/index.php?rest_route=\/wp\/v2\/posts\/3281\/revisions\/3284"}],"wp:attachment":[{"href":"https:\/\/cgtcantabria.org\/wp\/index.php?rest_route=%2Fwp%2Fv2%2Fmedia&parent=3281"}],"wp:term":[{"taxonomy":"category","embeddable":true,"href":"https:\/\/cgtcantabria.org\/wp\/index.php?rest_route=%2Fwp%2Fv2%2Fcategories&post=3281"},{"taxonomy":"post_tag","embeddable":true,"href":"https:\/\/cgtcantabria.org\/wp\/index.php?rest_route=%2Fwp%2Fv2%2Ftags&post=3281"}],"curies":[{"name":"wp","href":"https:\/\/api.w.org\/{rel}","templated":true}]}}