{"id":3306,"date":"2015-05-21T11:27:10","date_gmt":"2015-05-21T09:27:10","guid":{"rendered":"http:\/\/cgtcantabria.org\/wp\/?p=3306"},"modified":"2015-05-26T18:35:06","modified_gmt":"2015-05-26T16:35:06","slug":"el-subjetivo-por-preguntarnoesdelito","status":"publish","type":"post","link":"https:\/\/cgtcantabria.org\/wp\/?p=3306","title":{"rendered":"El Subjetivo, por #PreguntarNoEsDelito"},"content":{"rendered":"<p style=\"text-align: justify;\">Esto esta ocurriendo aqu\u00ed, en Cantabria. Ayer\u00a0lxs compa\u00f1erxs de <strong>Preguntar No es Delito<\/strong> proyectaron un v\u00eddeo que han editado donde queda de manifiesto que la acusaci\u00f3n ha mentido de manera malintencionada con la pretensi\u00f3n de meter en prisi\u00f3n (Piden penas de hasta 12 a\u00f1os de prisi\u00f3n).<br \/>\n<iframe loading=\"lazy\" src=\"https:\/\/www.youtube.com\/embed\/HcPhXKVOIJU\" width=\"560\" height=\"315\" frameborder=\"0\" allowfullscreen=\"allowfullscreen\"><\/iframe><\/p>\n<p style=\"text-align: center;\"><strong>DIFUNDID\u00a0POR LOS MEDIOS QUE DISPONG\u00c1IS<\/strong><br \/>\n<strong>QUE SE SEPA LO QUE EST\u00c1 PASANDO<\/strong><br \/>\n<strong>\u00a0DEBEMOS REACCIONAR<\/strong><\/p>\n<p style=\"text-align: center;\"><a href=\"http:\/\/cgtcantabria.org\/wp\/wp-content\/uploads\/2015\/05\/descarga.jpg\"><img loading=\"lazy\" decoding=\"async\" class=\"aligncenter  wp-image-3308\" src=\"http:\/\/cgtcantabria.org\/wp\/wp-content\/uploads\/2015\/05\/descarga.jpg\" alt=\"descarga\" width=\"283\" height=\"113\" srcset=\"https:\/\/cgtcantabria.org\/wp\/wp-content\/uploads\/2015\/05\/descarga.jpg 355w, https:\/\/cgtcantabria.org\/wp\/wp-content\/uploads\/2015\/05\/descarga-300x120.jpg 300w\" sizes=\"auto, (max-width: 283px) 100vw, 283px\" \/><\/a><\/p>\n","protected":false},"excerpt":{"rendered":"<p>Esto esta ocurriendo aqu\u00ed, en Cantabria. Ayer\u00a0lxs compa\u00f1erxs de Preguntar No es Delito proyectaron un v\u00eddeo que han editado donde queda de manifiesto que la acusaci\u00f3n ha mentido de manera malintencionada con la pretensi\u00f3n de meter en prisi\u00f3n (Piden penas &hellip; <a href=\"https:\/\/cgtcantabria.org\/wp\/?p=3306\">Sigue leyendo <span class=\"meta-nav\">&rarr;<\/span><\/a><\/p>\n","protected":false},"author":13,"featured_media":0,"comment_status":"open","ping_status":"open","sticky":false,"template":"","format":"gallery","meta":{"footnotes":""},"categories":[16,4],"tags":[],"class_list":["post-3306","post","type-post","status-publish","format-gallery","hentry","category-accion-social","category-videos","post_format-post-format-gallery"],"_links":{"self":[{"href":"https:\/\/cgtcantabria.org\/wp\/index.php?rest_route=\/wp\/v2\/posts\/3306","targetHints":{"allow":["GET"]}}],"collection":[{"href":"https:\/\/cgtcantabria.org\/wp\/index.php?rest_route=\/wp\/v2\/posts"}],"about":[{"href":"https:\/\/cgtcantabria.org\/wp\/index.php?rest_route=\/wp\/v2\/types\/post"}],"author":[{"embeddable":true,"href":"https:\/\/cgtcantabria.org\/wp\/index.php?rest_route=\/wp\/v2\/users\/13"}],"replies":[{"embeddable":true,"href":"https:\/\/cgtcantabria.org\/wp\/index.php?rest_route=%2Fwp%2Fv2%2Fcomments&post=3306"}],"version-history":[{"count":2,"href":"https:\/\/cgtcantabria.org\/wp\/index.php?rest_route=\/wp\/v2\/posts\/3306\/revisions"}],"predecessor-version":[{"id":3309,"href":"https:\/\/cgtcantabria.org\/wp\/index.php?rest_route=\/wp\/v2\/posts\/3306\/revisions\/3309"}],"wp:attachment":[{"href":"https:\/\/cgtcantabria.org\/wp\/index.php?rest_route=%2Fwp%2Fv2%2Fmedia&parent=3306"}],"wp:term":[{"taxonomy":"category","embeddable":true,"href":"https:\/\/cgtcantabria.org\/wp\/index.php?rest_route=%2Fwp%2Fv2%2Fcategories&post=3306"},{"taxonomy":"post_tag","embeddable":true,"href":"https:\/\/cgtcantabria.org\/wp\/index.php?rest_route=%2Fwp%2Fv2%2Ftags&post=3306"}],"curies":[{"name":"wp","href":"https:\/\/api.w.org\/{rel}","templated":true}]}}