{"id":338,"date":"2012-02-06T14:36:04","date_gmt":"2012-02-06T13:36:04","guid":{"rendered":"http:\/\/cgtcantabria.org\/wp\/?p=338"},"modified":"2012-02-06T14:36:04","modified_gmt":"2012-02-06T13:36:04","slug":"338","status":"publish","type":"post","link":"https:\/\/cgtcantabria.org\/wp\/?p=338","title":{"rendered":""},"content":{"rendered":"<div style=\"text-align: center\"><strong><span style=\"text-decoration: underline\">L@S HIJ@S DE TOD@S<\/span><\/strong><\/div>\n<div style=\"text-align: center\"><\/div>\n<div style=\"text-align: center\"><strong><span style=\"text-decoration: underline\">CGT EXIGE A TELEFONICA CREACION DE EMPLEO<\/span><\/strong><\/div>\n<div style=\"text-align: center\"><\/div>\n<div><\/div>\n<div>Durante la negociaci\u00f3n del III ERE en Telef\u00f3nica, a los sindicatos que finalmente lo firmaron (UGT, CCOO, STC-UTS), se les llen\u00f3 la boca diciendo que no iba a suponer coste alguno para el Estado. Sin embargo, tras el cambio de Gobierno <strong>sigue pendiente el desarrollo reglamentario de la Disposici\u00f3n Adicional 16\u00aa de la Ley 27\/2011, de 1 de agosto, que obliga a empresas como Telef\u00f3nica a correr durante dos a\u00f1os con el desembolso de las prestaciones por desempleo y las cotizaciones sociales, de todas y cada una de las personas acogidas a este expediente de regulaci\u00f3n de empleo<\/strong>, autorizado por la administraci\u00f3n anterior.<\/div>\n<div><\/div>\n<div>La Confederaci\u00f3n General del Trabajo <strong>(CGT) ha reclamado en el Comit\u00e9 Intercentros de Telef\u00f3nica, que ese importe<\/strong> -de entre 2.718.000 y 3.494.575 euros cada mes, s\u00f3lo en prestaciones contributivas- si no es utilizado en beneficio de la sociedad, al menos <strong>se traduzca en la creaci\u00f3n de empleo<\/strong>, que es otra forma de generar riqueza en un pa\u00eds sacudido por las especulaciones financieras, y gobernado realmente por instancias y personajes ajenos.<\/div>\n<div><\/div>\n<div>Lamentablemente, <strong>las organizaciones sindicales avalistas del ERE, mayor\u00eda en ese comit\u00e9, han hecho o\u00eddos sordos<\/strong> a una propuesta que ni debe ni puede estar sujeta a sectarismos o siglas. Pensar s\u00f3lo en primera persona deja sin futuro a nuestra descendencia y a la suya. \u00bfEso es lo que aceptan estos sindicatos?<\/div>\n<div><\/div>\n<div>En un momento hist\u00f3rico importante con m\u00e1s de cinco millones de personas en paro,<strong> los hijos e hijas de todas y de todos reclaman acciones solidarias y compromisos reales de aquellas empresas que generan notables beneficios a pesar de la crisis con la que, machaconamente, desde la casta privilegiada, se sigue castigando e incluso culpando a quienes tienen la condici\u00f3n m\u00e1s humilde y desprotegida.<\/strong><\/div>\n<div><\/div>\n<div>El Estado y especialmente el Gobierno tienen su cuota de responsabilidad, pero <strong>al Partido Popular le es m\u00e1s sencillo imponer, a partir de febrero, un incremento del IRPF que exigir a Telef\u00f3nica que pague lo que por ley le corresponde<\/strong>. El esfuerzo o es solidario o se convierte en un acto autoritario.<\/div>\n<div><\/div>\n<div>Salud y libertad<\/div>\n","protected":false},"excerpt":{"rendered":"<p>L@S HIJ@S DE TOD@S CGT EXIGE A TELEFONICA CREACION DE EMPLEO Durante la negociaci\u00f3n del III ERE en Telef\u00f3nica, a los sindicatos que finalmente lo firmaron (UGT, CCOO, STC-UTS), se les llen\u00f3 la boca diciendo que no iba a suponer &hellip; <a href=\"https:\/\/cgtcantabria.org\/wp\/?p=338\">Sigue leyendo <span class=\"meta-nav\">&rarr;<\/span><\/a><\/p>\n","protected":false},"author":3,"featured_media":0,"comment_status":"open","ping_status":"open","sticky":false,"template":"","format":"standard","meta":{"footnotes":""},"categories":[5,6],"tags":[],"class_list":["post-338","post","type-post","status-publish","format-standard","hentry","category-comunicados","category-prensa"],"_links":{"self":[{"href":"https:\/\/cgtcantabria.org\/wp\/index.php?rest_route=\/wp\/v2\/posts\/338","targetHints":{"allow":["GET"]}}],"collection":[{"href":"https:\/\/cgtcantabria.org\/wp\/index.php?rest_route=\/wp\/v2\/posts"}],"about":[{"href":"https:\/\/cgtcantabria.org\/wp\/index.php?rest_route=\/wp\/v2\/types\/post"}],"author":[{"embeddable":true,"href":"https:\/\/cgtcantabria.org\/wp\/index.php?rest_route=\/wp\/v2\/users\/3"}],"replies":[{"embeddable":true,"href":"https:\/\/cgtcantabria.org\/wp\/index.php?rest_route=%2Fwp%2Fv2%2Fcomments&post=338"}],"version-history":[{"count":4,"href":"https:\/\/cgtcantabria.org\/wp\/index.php?rest_route=\/wp\/v2\/posts\/338\/revisions"}],"predecessor-version":[{"id":342,"href":"https:\/\/cgtcantabria.org\/wp\/index.php?rest_route=\/wp\/v2\/posts\/338\/revisions\/342"}],"wp:attachment":[{"href":"https:\/\/cgtcantabria.org\/wp\/index.php?rest_route=%2Fwp%2Fv2%2Fmedia&parent=338"}],"wp:term":[{"taxonomy":"category","embeddable":true,"href":"https:\/\/cgtcantabria.org\/wp\/index.php?rest_route=%2Fwp%2Fv2%2Fcategories&post=338"},{"taxonomy":"post_tag","embeddable":true,"href":"https:\/\/cgtcantabria.org\/wp\/index.php?rest_route=%2Fwp%2Fv2%2Ftags&post=338"}],"curies":[{"name":"wp","href":"https:\/\/api.w.org\/{rel}","templated":true}]}}