{"id":3443,"date":"2015-06-17T14:05:40","date_gmt":"2015-06-17T12:05:40","guid":{"rendered":"http:\/\/cgtcantabria.org\/wp\/?p=3443"},"modified":"2015-06-17T12:08:15","modified_gmt":"2015-06-17T10:08:15","slug":"reparto-pequena-guia-de-autodefensa-laboral-para-precarias","status":"publish","type":"post","link":"https:\/\/cgtcantabria.org\/wp\/?p=3443","title":{"rendered":"Reparto Peque\u00f1a Gu\u00eda de Autodefensa Laboral para Precarias"},"content":{"rendered":"<p><a href=\"http:\/\/cgtcantabria.org\/wp\/wp-content\/uploads\/2015\/05\/portada.jpg\"><img loading=\"lazy\" decoding=\"async\" class=\"  wp-image-3303 alignright\" src=\"http:\/\/cgtcantabria.org\/wp\/wp-content\/uploads\/2015\/05\/portada.jpg\" alt=\"portada\" width=\"158\" height=\"223\" srcset=\"https:\/\/cgtcantabria.org\/wp\/wp-content\/uploads\/2015\/05\/portada.jpg 414w, https:\/\/cgtcantabria.org\/wp\/wp-content\/uploads\/2015\/05\/portada-213x300.jpg 213w\" sizes=\"auto, (max-width: 158px) 100vw, 158px\" \/><\/a>El d\u00eda 16 de junio, la CGT de Cantabria salimos a repartir a dos de las oficinas de empleo de la capital, las gu\u00edas de autodefensa para precari@s.<\/p>\n<p><a href=\"http:\/\/www.cgt-cyl.org\/IMG\/pdf\/886_guia_laboral_precarias.pdf\">Pincha aqu\u00ed para descargar la gu\u00eda<\/a><\/p>\n<div>\n<p><a href=\"http:\/\/cgtcantabria.org\/wp\/wp-content\/uploads\/2015\/06\/IMG-20150616-WA0003.jpg\"><img loading=\"lazy\" decoding=\"async\" class=\"aligncenter size-large wp-image-3444\" src=\"http:\/\/cgtcantabria.org\/wp\/wp-content\/uploads\/2015\/06\/IMG-20150616-WA0003-1024x575.jpg\" alt=\"IMG-20150616-WA0003\" width=\"640\" height=\"359\" srcset=\"https:\/\/cgtcantabria.org\/wp\/wp-content\/uploads\/2015\/06\/IMG-20150616-WA0003-1024x575.jpg 1024w, https:\/\/cgtcantabria.org\/wp\/wp-content\/uploads\/2015\/06\/IMG-20150616-WA0003-300x169.jpg 300w, https:\/\/cgtcantabria.org\/wp\/wp-content\/uploads\/2015\/06\/IMG-20150616-WA0003.jpg 1280w\" sizes=\"auto, (max-width: 640px) 100vw, 640px\" \/><\/a>\u200b<a href=\"http:\/\/desprogresiva.antena3.com\/mp_audios4\/\/2015\/06\/16\/B88AF7DD-2E54-4D82-9A2A-BCA046C2E01B\/B88AF7DD-2E54-4D82-9A2A-BCA046C2E01B.mp4\">Pincha aqu\u00ed<\/a> para escuchar la entrevista que le hicieron en directo al Secretario General de la Federaci\u00f3n (comienza el programa con el compa\u00f1ero y acaba sobre el minuto 4:39)<\/p>\n<p>&nbsp;<\/p>\n<\/div>\n","protected":false},"excerpt":{"rendered":"<p>El d\u00eda 16 de junio, la CGT de Cantabria salimos a repartir a dos de las oficinas de empleo de la capital, las gu\u00edas de autodefensa para precari@s. Pincha aqu\u00ed para descargar la gu\u00eda \u200bPincha aqu\u00ed para escuchar la entrevista &hellip; <a href=\"https:\/\/cgtcantabria.org\/wp\/?p=3443\">Sigue leyendo <span class=\"meta-nav\">&rarr;<\/span><\/a><\/p>\n","protected":false},"author":13,"featured_media":0,"comment_status":"open","ping_status":"open","sticky":false,"template":"","format":"gallery","meta":{"footnotes":""},"categories":[15,28],"tags":[],"class_list":["post-3443","post","type-post","status-publish","format-gallery","hentry","category-accion-sindical","category-audio","post_format-post-format-gallery"],"_links":{"self":[{"href":"https:\/\/cgtcantabria.org\/wp\/index.php?rest_route=\/wp\/v2\/posts\/3443","targetHints":{"allow":["GET"]}}],"collection":[{"href":"https:\/\/cgtcantabria.org\/wp\/index.php?rest_route=\/wp\/v2\/posts"}],"about":[{"href":"https:\/\/cgtcantabria.org\/wp\/index.php?rest_route=\/wp\/v2\/types\/post"}],"author":[{"embeddable":true,"href":"https:\/\/cgtcantabria.org\/wp\/index.php?rest_route=\/wp\/v2\/users\/13"}],"replies":[{"embeddable":true,"href":"https:\/\/cgtcantabria.org\/wp\/index.php?rest_route=%2Fwp%2Fv2%2Fcomments&post=3443"}],"version-history":[{"count":2,"href":"https:\/\/cgtcantabria.org\/wp\/index.php?rest_route=\/wp\/v2\/posts\/3443\/revisions"}],"predecessor-version":[{"id":3446,"href":"https:\/\/cgtcantabria.org\/wp\/index.php?rest_route=\/wp\/v2\/posts\/3443\/revisions\/3446"}],"wp:attachment":[{"href":"https:\/\/cgtcantabria.org\/wp\/index.php?rest_route=%2Fwp%2Fv2%2Fmedia&parent=3443"}],"wp:term":[{"taxonomy":"category","embeddable":true,"href":"https:\/\/cgtcantabria.org\/wp\/index.php?rest_route=%2Fwp%2Fv2%2Fcategories&post=3443"},{"taxonomy":"post_tag","embeddable":true,"href":"https:\/\/cgtcantabria.org\/wp\/index.php?rest_route=%2Fwp%2Fv2%2Ftags&post=3443"}],"curies":[{"name":"wp","href":"https:\/\/api.w.org\/{rel}","templated":true}]}}