{"id":3447,"date":"2015-06-18T12:56:33","date_gmt":"2015-06-18T10:56:33","guid":{"rendered":"http:\/\/cgtcantabria.org\/wp\/?p=3447"},"modified":"2015-06-18T12:56:33","modified_gmt":"2015-06-18T10:56:33","slug":"alfonlibertad-video-detencion-alfon-17-06-2015","status":"publish","type":"post","link":"https:\/\/cgtcantabria.org\/wp\/?p=3447","title":{"rendered":"#AlfonLibertad V\u00eddeo: Detenci\u00f3n Alfon 17 06 2015"},"content":{"rendered":"<div class=\"teaser\">\n<p style=\"text-align: justify;\">Alrededor de medio millar de personas, entre familiares y amigos han acudido para apoyar a Alfonso Fern\u00e1ndez &#8216;Alfon&#8217; condenado a cuatro a\u00f1os de prisi\u00f3n por la Audiencia Provincial de Madrid y ratificado por el Tribunal Supremo.<br \/>\nAlfon ha querido dar la cara, como siempre, desde que empezo esta pesadilla para \u00e9l, nunca ha reuido el combate con la confianza en que un d\u00eda se har\u00e1 justicia.<br \/>\n<a href=\"http:\/\/cgtcantabria.org\/wp\/wp-content\/uploads\/2015\/06\/047.jpg\"><img loading=\"lazy\" decoding=\"async\" class=\"  wp-image-3448 alignright\" src=\"http:\/\/cgtcantabria.org\/wp\/wp-content\/uploads\/2015\/06\/047.jpg\" alt=\"047\" width=\"245\" height=\"123\" srcset=\"https:\/\/cgtcantabria.org\/wp\/wp-content\/uploads\/2015\/06\/047.jpg 364w, https:\/\/cgtcantabria.org\/wp\/wp-content\/uploads\/2015\/06\/047-300x151.jpg 300w\" sizes=\"auto, (max-width: 245px) 100vw, 245px\" \/><\/a><\/p>\n<p style=\"text-align: justify;\">#AlfonLibertad<br \/>\nALFON NO ESTAS SOLO!!!<a href=\"http:\/\/cgtcantabria.org\/wp\/wp-content\/uploads\/2015\/06\/047.jpg\"><br \/>\n<\/a><\/p>\n<\/div>\n<div class=\"author\">\n<p>CGT &#8211; STAP MADRID<\/p>\n<p><iframe loading=\"lazy\" src=\"https:\/\/www.youtube.com\/embed\/rYPtMybrtuY\" width=\"560\" height=\"315\" frameborder=\"0\" allowfullscreen=\"allowfullscreen\"><\/iframe><\/p>\n<\/div>\n","protected":false},"excerpt":{"rendered":"<p>Alrededor de medio millar de personas, entre familiares y amigos han acudido para apoyar a Alfonso Fern\u00e1ndez &#8216;Alfon&#8217; condenado a cuatro a\u00f1os de prisi\u00f3n por la Audiencia Provincial de Madrid y ratificado por el Tribunal Supremo. Alfon ha querido dar &hellip; <a href=\"https:\/\/cgtcantabria.org\/wp\/?p=3447\">Sigue leyendo <span class=\"meta-nav\">&rarr;<\/span><\/a><\/p>\n","protected":false},"author":13,"featured_media":0,"comment_status":"open","ping_status":"open","sticky":false,"template":"","format":"gallery","meta":{"footnotes":""},"categories":[16,4],"tags":[],"class_list":["post-3447","post","type-post","status-publish","format-gallery","hentry","category-accion-social","category-videos","post_format-post-format-gallery"],"_links":{"self":[{"href":"https:\/\/cgtcantabria.org\/wp\/index.php?rest_route=\/wp\/v2\/posts\/3447","targetHints":{"allow":["GET"]}}],"collection":[{"href":"https:\/\/cgtcantabria.org\/wp\/index.php?rest_route=\/wp\/v2\/posts"}],"about":[{"href":"https:\/\/cgtcantabria.org\/wp\/index.php?rest_route=\/wp\/v2\/types\/post"}],"author":[{"embeddable":true,"href":"https:\/\/cgtcantabria.org\/wp\/index.php?rest_route=\/wp\/v2\/users\/13"}],"replies":[{"embeddable":true,"href":"https:\/\/cgtcantabria.org\/wp\/index.php?rest_route=%2Fwp%2Fv2%2Fcomments&post=3447"}],"version-history":[{"count":4,"href":"https:\/\/cgtcantabria.org\/wp\/index.php?rest_route=\/wp\/v2\/posts\/3447\/revisions"}],"predecessor-version":[{"id":3452,"href":"https:\/\/cgtcantabria.org\/wp\/index.php?rest_route=\/wp\/v2\/posts\/3447\/revisions\/3452"}],"wp:attachment":[{"href":"https:\/\/cgtcantabria.org\/wp\/index.php?rest_route=%2Fwp%2Fv2%2Fmedia&parent=3447"}],"wp:term":[{"taxonomy":"category","embeddable":true,"href":"https:\/\/cgtcantabria.org\/wp\/index.php?rest_route=%2Fwp%2Fv2%2Fcategories&post=3447"},{"taxonomy":"post_tag","embeddable":true,"href":"https:\/\/cgtcantabria.org\/wp\/index.php?rest_route=%2Fwp%2Fv2%2Ftags&post=3447"}],"curies":[{"name":"wp","href":"https:\/\/api.w.org\/{rel}","templated":true}]}}