{"id":349,"date":"2012-03-22T12:34:48","date_gmt":"2012-03-22T11:34:48","guid":{"rendered":"http:\/\/cgtcantabria.org\/wp\/?p=349"},"modified":"2012-04-19T09:52:45","modified_gmt":"2012-04-19T08:52:45","slug":"llamamiento-de-cgt-cnt-so-a-la-participacion-en-la-huelga-general-del-29-marzo-contra-la-reforma-laboral-y-el-pacto-social","status":"publish","type":"post","link":"https:\/\/cgtcantabria.org\/wp\/?p=349","title":{"rendered":"LLAMAMIENTO DE CGT \u2013 CNT \u2013 SO A LA PARTICIPACI\u00d3N EN LA HUELGA GENERAL DEL 29 MARZO  Contra la Reforma Laboral y el Pacto Social"},"content":{"rendered":"<p><a href=\"http:\/\/cgtcantabria.org\/wp\/wp-content\/uploads\/2012\/03\/tres.jpg\"><img loading=\"lazy\" decoding=\"async\" class=\"aligncenter size-full wp-image-440\" title=\"tres\" src=\"http:\/\/cgtcantabria.org\/wp\/wp-content\/uploads\/2012\/03\/tres.jpg\" alt=\"\" width=\"850\" height=\"273\" srcset=\"https:\/\/cgtcantabria.org\/wp\/wp-content\/uploads\/2012\/03\/tres.jpg 850w, https:\/\/cgtcantabria.org\/wp\/wp-content\/uploads\/2012\/03\/tres-300x96.jpg 300w\" sizes=\"auto, (max-width: 850px) 100vw, 850px\" \/><\/a><\/p>\n<p align=\"center\"><strong>LLAMAMIENTO DE CGT \u2013 CNT \u2013 SO<\/strong><\/p>\n<p align=\"center\"><strong>A LA PARTICIPACI\u00d3N EN LA HUELGA GENERAL<\/strong><\/p>\n<p align=\"center\"><strong>DEL 29 MARZO<\/strong><\/p>\n<p align=\"center\"><strong>Contra la Reforma Laboral y el Pacto Social<br \/>\n<\/strong><\/p>\n<p>Las organizaciones sindicales Confederaci\u00f3n General del Trabajo (<strong>CGT<\/strong>), Confederaci\u00f3n Nacional del Trabajo (<strong>CNT<\/strong>) y Solidaridad Obrera (<strong>SO<\/strong>), como <strong>convocantes<\/strong> <strong>de la Huelga General del pr\u00f3ximo 29 de marzo<\/strong>, hacemos un llamamiento a la participaci\u00f3n activa, en dicha Huelga, de todas y todos los que aqu\u00ed vivimos y trabajamos, a la clase trabajadora con o sin empleo, a los movimientos sociales, a los colectivos desfavorecidos y precarizados, a las asambleas populares y de barrios, juventud, estudiantes, pensionistas, desahuciados, migrantes, excluidos\u2026 un llamamiento a toda la poblaci\u00f3n para secundar el paro y las movilizaciones durante esa jornada, un llamamiento a realizar una paralizaci\u00f3n total de la producci\u00f3n y del consumo, a manifestar un rechazo radical de la pol\u00edtica econ\u00f3mica y social desarrolladas por las distintas Administraciones, un llamamiento para defender nuestra dignidad y los derechos laborales y sociales que nos est\u00e1n arrebatando con <strong>la Reforma Laboral, el Pacto Social <\/strong>y el resto de leyes antisociales que el gobierno y la patronal est\u00e1n decretando.<\/p>\n<p>El objetivo de CGT, CNT y SO al convocar Huelga General <strong>no es negociar la Reforma Laboral, sino derogarla <\/strong>junto al resto de medidas econ\u00f3micas y antisociales que agreden directamente a la clase trabajadora.<\/p>\n<p><strong>Exigimos <\/strong>la retirada de las pol\u00edticas, leyes y actuaciones del capital que fomentan el paro, el recorte de derechos colectivos e individuales, la precariedad y la explotaci\u00f3n de la clase trabajadora y que impiden un reparto justo del trabajo, la riqueza y el bienestar.<\/p>\n<p><strong>Exigimos <\/strong>la aplicaci\u00f3n inmediata de medidas concretas que acaben con el paro, la precariedad, la temporalidad y siniestralidad laboral.<\/p>\n<p>La Huelga General del d\u00eda 29 es una fecha muy importante pero que, en caso necesario, <strong>tendr\u00e1 continuidad <\/strong>con la convocatoria de futuras movilizaciones y Huelga General hasta conseguir dicho objetivo.<\/p>\n<p>Para llevarlo a cabo CGT, CNT y SO buscaremos el <strong>m\u00e1ximo de unidad <\/strong>y confluencia con aquellas otras <strong>organizaciones sindicales y movimientos sociales <\/strong>que persigan la defensa de los derechos de la clase trabajadora, la justicia social y la libertad.<\/p>\n<p align=\"center\"><strong>La lucha est\u00e1 en la calle y en las empresas<\/strong><\/p>\n<p align=\"center\"><strong>29 M &#8211; Huelga General contra la Reforma Laboral y el Pacto Social<\/strong><\/p>\n","protected":false},"excerpt":{"rendered":"<p>LLAMAMIENTO DE CGT \u2013 CNT \u2013 SO A LA PARTICIPACI\u00d3N EN LA HUELGA GENERAL DEL 29 MARZO Contra la Reforma Laboral y el Pacto Social Las organizaciones sindicales Confederaci\u00f3n General del Trabajo (CGT), Confederaci\u00f3n Nacional del Trabajo (CNT) y Solidaridad &hellip; <a href=\"https:\/\/cgtcantabria.org\/wp\/?p=349\">Sigue leyendo <span class=\"meta-nav\">&rarr;<\/span><\/a><\/p>\n","protected":false},"author":1,"featured_media":0,"comment_status":"open","ping_status":"open","sticky":false,"template":"","format":"standard","meta":{"footnotes":""},"categories":[5],"tags":[],"class_list":["post-349","post","type-post","status-publish","format-standard","hentry","category-comunicados"],"_links":{"self":[{"href":"https:\/\/cgtcantabria.org\/wp\/index.php?rest_route=\/wp\/v2\/posts\/349","targetHints":{"allow":["GET"]}}],"collection":[{"href":"https:\/\/cgtcantabria.org\/wp\/index.php?rest_route=\/wp\/v2\/posts"}],"about":[{"href":"https:\/\/cgtcantabria.org\/wp\/index.php?rest_route=\/wp\/v2\/types\/post"}],"author":[{"embeddable":true,"href":"https:\/\/cgtcantabria.org\/wp\/index.php?rest_route=\/wp\/v2\/users\/1"}],"replies":[{"embeddable":true,"href":"https:\/\/cgtcantabria.org\/wp\/index.php?rest_route=%2Fwp%2Fv2%2Fcomments&post=349"}],"version-history":[{"count":9,"href":"https:\/\/cgtcantabria.org\/wp\/index.php?rest_route=\/wp\/v2\/posts\/349\/revisions"}],"predecessor-version":[{"id":544,"href":"https:\/\/cgtcantabria.org\/wp\/index.php?rest_route=\/wp\/v2\/posts\/349\/revisions\/544"}],"wp:attachment":[{"href":"https:\/\/cgtcantabria.org\/wp\/index.php?rest_route=%2Fwp%2Fv2%2Fmedia&parent=349"}],"wp:term":[{"taxonomy":"category","embeddable":true,"href":"https:\/\/cgtcantabria.org\/wp\/index.php?rest_route=%2Fwp%2Fv2%2Fcategories&post=349"},{"taxonomy":"post_tag","embeddable":true,"href":"https:\/\/cgtcantabria.org\/wp\/index.php?rest_route=%2Fwp%2Fv2%2Ftags&post=349"}],"curies":[{"name":"wp","href":"https:\/\/api.w.org\/{rel}","templated":true}]}}