{"id":354,"date":"2012-03-22T12:52:57","date_gmt":"2012-03-22T11:52:57","guid":{"rendered":"http:\/\/cgtcantabria.org\/wp\/?p=354"},"modified":"2012-04-19T09:56:38","modified_gmt":"2012-04-19T08:56:38","slug":"el-dia-29-de-marzo-tambien-esta-convocada-una-huelga-de-consumo","status":"publish","type":"post","link":"https:\/\/cgtcantabria.org\/wp\/?p=354","title":{"rendered":"El d\u00eda 29 de marzo tambi\u00e9n est\u00e1 convocada una HUELGA DE CONSUMO"},"content":{"rendered":"<p><a href=\"http:\/\/cgtcantabria.org\/wp\/wp-content\/uploads\/2012\/03\/29M-huelga-general-consumo-copia.jpg\"><img loading=\"lazy\" decoding=\"async\" class=\"aligncenter size-full wp-image-444\" title=\"29M-huelga-general-consumo copia\" src=\"http:\/\/cgtcantabria.org\/wp\/wp-content\/uploads\/2012\/03\/29M-huelga-general-consumo-copia.jpg\" alt=\"\" width=\"320\" height=\"453\" srcset=\"https:\/\/cgtcantabria.org\/wp\/wp-content\/uploads\/2012\/03\/29M-huelga-general-consumo-copia.jpg 320w, https:\/\/cgtcantabria.org\/wp\/wp-content\/uploads\/2012\/03\/29M-huelga-general-consumo-copia-211x300.jpg 211w\" sizes=\"auto, (max-width: 320px) 100vw, 320px\" \/><\/a><\/p>\n<p align=\"center\"><strong>El d\u00eda 29 de marzo tambi\u00e9n est\u00e1 convocada una HUELGA DE CONSUMO<br \/>\n<\/strong><\/p>\n<p>Los nuevos recortes de derechos para todas las personas, especialmente las m\u00e1s desfavorecidas, no pueden dejarnos indiferentes. El fruto del trabajo de generaciones se nos escurre entre los dedos sin que, al parecer, podamos hacer nada.<\/p>\n<p>Nos dicen que son los <strong>mercados <\/strong>los que mandan, los que pierden la confianza en los pa\u00edses, los que dictan las pol\u00edticas de los gobiernos&#8230;<\/p>\n<p>Representantes de la casta pol\u00edtica y empresarial, de la banca, del capital financiero, comentaristas de la actualidad y economistas insisten en se\u00f1alar al <strong>mercado <\/strong>como una especie de dios que marca las leyes que rigen la vida.<\/p>\n<p>Pero \u00bfqui\u00e9n es el <strong>mercado, <\/strong>sino las grandes concentraciones de poder y capital: bancos, multinacionales, fondos de inversi\u00f3n y grandes fortunas? Es decir, especuladores que juegan con nuestro dinero y nuestras vidas para su enriquecimiento personal. Sin embargo: \u00bfQu\u00e9 ser\u00eda del <strong>mercado <\/strong>si nadie consumiera ni produjera para \u00e9l?<\/p>\n<p>\u2022 <strong>Porque el consumismo es el estilo de vida propio de este sistema injusto, <\/strong>que nos explota, expolia los recursos de los pa\u00edses empobrecidos,<strong> <\/strong>genera insatisfacci\u00f3n permanente, no cubre nuestras necesidades y pone en<strong> <\/strong>peligro la propia continuidad de la vida en el planeta.<\/p>\n<p>\u2022 <strong>Para boicotear a la banca, <\/strong>multinacionales <strong>y grandes empresas como primeros culpables de esta crisis, <\/strong>al no adquirir ning\u00fan tipo de bien, producto o servicio durante el pr\u00f3ximo 29 de marzo.<\/p>\n<p>\u2022 Porque es necesario dar una respuesta a los gobiernos y quienes les dirigen en la sombra.<\/p>\n<p>\u2022 <strong>Porque el mejor complemento de una Huelga General, es una Huelga de Consumo, <\/strong>paralizando el sector servicios por la v\u00eda del no consumo.<\/p>\n<p><strong>El d\u00eda 29 de marzo, apoya la Huelga General y NO COMPRES NADA, <\/strong>ni utilices tu tel\u00e9fono, usa el transporte p\u00fablico, no eches gasolina, consume la electricidad o gas imprescindible, no uses tu banco, ese d\u00eda que no entre ni una moneda en los bolsillos de quienes nos explota n. <strong>Esta huelga es contra la banca,<\/strong> <strong>multinacionales, especuladores <\/strong>y los gobiernos que obedecen sumisamente.<\/p>\n<p>Las peque\u00f1as empresas y aut\u00f3nomos pueden y deben apoyar la huelga, ya que al igual que igual que el resto, se les est\u00e1 haciendo pagar la crisis del capitalismo.<\/p>\n<p>&nbsp;<\/p>\n<h1 align=\"center\"><span style=\"color: #ff0000;\"><strong>El 29 de marzo, REB\u00c9LATE haz la HUELGA DE CONSUMO, secunda LA HUELGA GENERAL<\/strong><\/span><\/h1>\n<p><a href=\"http:\/\/cgtcantabria.org\/wp\/wp-content\/uploads\/2012\/03\/Logos.jpg\"><img loading=\"lazy\" decoding=\"async\" class=\"aligncenter size-large wp-image-356\" title=\"Logos\" src=\"http:\/\/cgtcantabria.org\/wp\/wp-content\/uploads\/2012\/03\/Logos-1024x221.jpg\" alt=\"\" width=\"640\" height=\"138\" \/><\/a><\/p>\n","protected":false},"excerpt":{"rendered":"<p>El d\u00eda 29 de marzo tambi\u00e9n est\u00e1 convocada una HUELGA DE CONSUMO Los nuevos recortes de derechos para todas las personas, especialmente las m\u00e1s desfavorecidas, no pueden dejarnos indiferentes. El fruto del trabajo de generaciones se nos escurre entre los &hellip; <a href=\"https:\/\/cgtcantabria.org\/wp\/?p=354\">Sigue leyendo <span class=\"meta-nav\">&rarr;<\/span><\/a><\/p>\n","protected":false},"author":1,"featured_media":0,"comment_status":"open","ping_status":"open","sticky":false,"template":"","format":"standard","meta":{"footnotes":""},"categories":[5],"tags":[],"class_list":["post-354","post","type-post","status-publish","format-standard","hentry","category-comunicados"],"_links":{"self":[{"href":"https:\/\/cgtcantabria.org\/wp\/index.php?rest_route=\/wp\/v2\/posts\/354","targetHints":{"allow":["GET"]}}],"collection":[{"href":"https:\/\/cgtcantabria.org\/wp\/index.php?rest_route=\/wp\/v2\/posts"}],"about":[{"href":"https:\/\/cgtcantabria.org\/wp\/index.php?rest_route=\/wp\/v2\/types\/post"}],"author":[{"embeddable":true,"href":"https:\/\/cgtcantabria.org\/wp\/index.php?rest_route=\/wp\/v2\/users\/1"}],"replies":[{"embeddable":true,"href":"https:\/\/cgtcantabria.org\/wp\/index.php?rest_route=%2Fwp%2Fv2%2Fcomments&post=354"}],"version-history":[{"count":4,"href":"https:\/\/cgtcantabria.org\/wp\/index.php?rest_route=\/wp\/v2\/posts\/354\/revisions"}],"predecessor-version":[{"id":556,"href":"https:\/\/cgtcantabria.org\/wp\/index.php?rest_route=\/wp\/v2\/posts\/354\/revisions\/556"}],"wp:attachment":[{"href":"https:\/\/cgtcantabria.org\/wp\/index.php?rest_route=%2Fwp%2Fv2%2Fmedia&parent=354"}],"wp:term":[{"taxonomy":"category","embeddable":true,"href":"https:\/\/cgtcantabria.org\/wp\/index.php?rest_route=%2Fwp%2Fv2%2Fcategories&post=354"},{"taxonomy":"post_tag","embeddable":true,"href":"https:\/\/cgtcantabria.org\/wp\/index.php?rest_route=%2Fwp%2Fv2%2Ftags&post=354"}],"curies":[{"name":"wp","href":"https:\/\/api.w.org\/{rel}","templated":true}]}}