{"id":3652,"date":"2015-07-22T08:18:45","date_gmt":"2015-07-22T06:18:45","guid":{"rendered":"http:\/\/cgtcantabria.org\/wp\/?p=3652"},"modified":"2015-07-22T08:18:45","modified_gmt":"2015-07-22T06:18:45","slug":"las-marchas-de-la-dignidad-22m-preparan-una-jornada-de-movilizacion-general","status":"publish","type":"post","link":"https:\/\/cgtcantabria.org\/wp\/?p=3652","title":{"rendered":"Las Marchas de la Dignidad 22M preparan una Jornada de Movilizaci\u00f3n General"},"content":{"rendered":"<div class=\"author\">\n<p style=\"text-align: justify;\">LAS <strong>MARCHAS DE LA DIGNIDAD 22M<\/strong> PREPARAN UNA JORNADA DE MOVILIZACI\u00d3N GENERAL ANTE LA SITUACI\u00d3N DE PRECARIEDAD ESTRUCTURAL QUE IMPONEN LA TROIKA Y EL GOBIERNO DEL PP<\/p>\n<\/div>\n<div class=\"content\">\n<p class=\"field-field-image\">Madrid, 14 de julio de 2015<\/p>\n<div class=\"node-body\">\n<p style=\"text-align: justify;\"><a href=\"http:\/\/cgtcantabria.org\/wp\/wp-content\/uploads\/2015\/07\/22M-CGT.jpg\"><img loading=\"lazy\" decoding=\"async\" class=\" size-full wp-image-3653 alignleft\" src=\"http:\/\/cgtcantabria.org\/wp\/wp-content\/uploads\/2015\/07\/22M-CGT.jpg\" alt=\"22M CGT\" width=\"200\" height=\"201\" srcset=\"https:\/\/cgtcantabria.org\/wp\/wp-content\/uploads\/2015\/07\/22M-CGT.jpg 200w, https:\/\/cgtcantabria.org\/wp\/wp-content\/uploads\/2015\/07\/22M-CGT-150x150.jpg 150w\" sizes=\"auto, (max-width: 200px) 100vw, 200px\" \/><\/a>Las Marchas de la Dignidad realizaron la asamblea estatal prevista para el este mes de julio, el pasado d\u00eda 11, en Vallekas (Madrid), con la finalidad de analizar la actual situaci\u00f3n socio-pol\u00edtica, as\u00ed como avanzar en la articulaci\u00f3n de una Jornada de Movilizaci\u00f3n General para el d\u00eda 22 de octubre.<\/p>\n<p style=\"text-align: justify;\">L@s representantes de los diferentes territorios y organizaciones constataron en sus intervenciones la continuaci\u00f3n en el deterioro de las condiciones de vida de la mayor\u00eda de la poblaci\u00f3n trabajadora, consecuencia de la profundizaci\u00f3n en la precarizaci\u00f3n socio-laboral, as\u00ed como en la continuidad de los recortes en los servicios p\u00fablicos.<\/p>\n<p style=\"text-align: justify;\">Llegando a la conclusi\u00f3n de que \u201cno estamos saliendo de la crisis, tal como nos pretenden vender desde el gobierno\u201d, sino que las repercusiones de \u00e9sta se est\u00e1n haciendo estructurales para configurar un nuevo modelo socio-pol\u00edtico, muy perjudicial para los derechos de las gentes y de los pueblos.<\/p>\n<p style=\"text-align: justify;\">El gobierno del PP, mano a mano con la Troika, est\u00e1n imponiendo una pol\u00edtica que genera cada vez m\u00e1s sufrimiento a nuestro pueblo, as\u00ed como al conjunto de Pueblos de Europa, especialmente a los del Sur. La asamblea del movimiento 22M expres\u00f3 su solidaridad hacia el Pueblo Griego. As\u00ed mismo decidi\u00f3 participar con perfil propio, que incluye el rechazo al pago de la deuda, en las EuroMarchas2015 que se van a desarrollar a primeros de octubre.<\/p>\n<p style=\"text-align: justify;\">Se reflexion\u00f3 tambi\u00e9n sobre el proceso de involuci\u00f3n autoritaria en el Estado Espa\u00f1ol, involuci\u00f3n que se expresa, entre otras cuestiones, en los cambios legislativos puestos en marcha por el Gobierno central de Mariano Rajoy durante los \u00faltimos meses: Ley Mordaza, Reforma del C\u00f3digo Penal\u2026 Ello va asociado a una pr\u00e1ctica por parte de la U.I.P. (Unidades de Intervenci\u00f3n Policial) y de algunos sectores de la Administraci\u00f3n de Justicia que nos aleja cada vez m\u00e1s de lo que debe de ser un Estado democr\u00e1tico y de derecho.<\/p>\n<p style=\"text-align: justify;\">Ante este escenario, la Asamblea Estatal de las Marchas de la Dignidad, concluy\u00f3 por unanimidad, la necesidad de convocar una Jornada de Movilizaci\u00f3n General para el 22 de octubre, con la finalidad de aportar desde el movimiento social, una parte significativa de las energ\u00edas necesarias que nos permitan impulsar un proceso de transformaci\u00f3n social, pol\u00edtica y econ\u00f3mica, que constatamos, s\u00f3lo ser\u00e1 posible en base a un aut\u00e9ntico proyecto de unidad popular desde la base, en el que puedan confluir sin hegemonismos, ni exclusiones, tod@s aquell@s que realmente est\u00e1n por el cambio. En este sentido, el movimiento 22M, quiere dejar constancia que las Marchas de la Dignidad no son patrimonio de proyecto pol\u00edtico- electoral alguno, sino que pertenecen \u00fanica y exclusivamente a la mayor\u00edas social trabajadora.<\/p>\n<p style=\"text-align: justify;\">Por \u00faltimo, en la reuni\u00f3n de las marchas se acord\u00f3 convocar una Magna Asamblea para el d\u00eda 19 de septiembre en Madrid, en la que se concretar\u00e1 todo lo referente a la convocatoria de movilizaci\u00f3n general del 22 de octubre, cuya filosof\u00eda ser\u00e1 la de Caminando hacia la huelga general, desmontando su mentiras, contra el paro y su crisis, unidad popular y movilizaci\u00f3n continuada- . Adem\u00e1s de los hist\u00f3ricos de nuestro movimiento de Pan, Trabajo y Techo con Dignidad.<\/p>\n<\/div>\n<\/div>\n","protected":false},"excerpt":{"rendered":"<p>LAS MARCHAS DE LA DIGNIDAD 22M PREPARAN UNA JORNADA DE MOVILIZACI\u00d3N GENERAL ANTE LA SITUACI\u00d3N DE PRECARIEDAD ESTRUCTURAL QUE IMPONEN LA TROIKA Y EL GOBIERNO DEL PP Madrid, 14 de julio de 2015 Las Marchas de la Dignidad realizaron la &hellip; <a href=\"https:\/\/cgtcantabria.org\/wp\/?p=3652\">Sigue leyendo <span class=\"meta-nav\">&rarr;<\/span><\/a><\/p>\n","protected":false},"author":13,"featured_media":0,"comment_status":"open","ping_status":"open","sticky":false,"template":"","format":"gallery","meta":{"footnotes":""},"categories":[16,7],"tags":[],"class_list":["post-3652","post","type-post","status-publish","format-gallery","hentry","category-accion-social","category-movilizaciones","post_format-post-format-gallery"],"_links":{"self":[{"href":"https:\/\/cgtcantabria.org\/wp\/index.php?rest_route=\/wp\/v2\/posts\/3652","targetHints":{"allow":["GET"]}}],"collection":[{"href":"https:\/\/cgtcantabria.org\/wp\/index.php?rest_route=\/wp\/v2\/posts"}],"about":[{"href":"https:\/\/cgtcantabria.org\/wp\/index.php?rest_route=\/wp\/v2\/types\/post"}],"author":[{"embeddable":true,"href":"https:\/\/cgtcantabria.org\/wp\/index.php?rest_route=\/wp\/v2\/users\/13"}],"replies":[{"embeddable":true,"href":"https:\/\/cgtcantabria.org\/wp\/index.php?rest_route=%2Fwp%2Fv2%2Fcomments&post=3652"}],"version-history":[{"count":1,"href":"https:\/\/cgtcantabria.org\/wp\/index.php?rest_route=\/wp\/v2\/posts\/3652\/revisions"}],"predecessor-version":[{"id":3654,"href":"https:\/\/cgtcantabria.org\/wp\/index.php?rest_route=\/wp\/v2\/posts\/3652\/revisions\/3654"}],"wp:attachment":[{"href":"https:\/\/cgtcantabria.org\/wp\/index.php?rest_route=%2Fwp%2Fv2%2Fmedia&parent=3652"}],"wp:term":[{"taxonomy":"category","embeddable":true,"href":"https:\/\/cgtcantabria.org\/wp\/index.php?rest_route=%2Fwp%2Fv2%2Fcategories&post=3652"},{"taxonomy":"post_tag","embeddable":true,"href":"https:\/\/cgtcantabria.org\/wp\/index.php?rest_route=%2Fwp%2Fv2%2Ftags&post=3652"}],"curies":[{"name":"wp","href":"https:\/\/api.w.org\/{rel}","templated":true}]}}