{"id":3658,"date":"2015-07-24T12:10:02","date_gmt":"2015-07-24T10:10:02","guid":{"rendered":"http:\/\/cgtcantabria.org\/wp\/?p=3658"},"modified":"2015-07-24T12:13:07","modified_gmt":"2015-07-24T10:13:07","slug":"la-cgt-considera-que-el-paro-y-la-precariedad-siguen-siendo-una-lacra-en-este-pais","status":"publish","type":"post","link":"https:\/\/cgtcantabria.org\/wp\/?p=3658","title":{"rendered":"La CGT considera que el paro y la precariedad siguen siendo una lacra en este pa\u00eds"},"content":{"rendered":"<div class=\"teaser\">\n<p style=\"text-align: justify;\">Los datos de la \u00faltima EPA s\u00f3lo reflejan mejoras parciales y muy fr\u00e1giles de las condiciones de vida de las familias trabajadoras<\/p>\n<\/div>\n<div class=\"author\">\n<p style=\"text-align: justify;\">GABINETE DE PRENSA DE LA CGT &#8211; SECRETARIADO PERMANENTE DEL COMIT\u00c9 CONFEDERAL DE LA CGT<\/p>\n<\/div>\n<div class=\"content\">\n<p class=\"field-field-image\" style=\"text-align: justify;\"><a href=\"http:\/\/cgtcantabria.org\/wp\/wp-content\/uploads\/2015\/07\/ndice_7.jpg\"><img loading=\"lazy\" decoding=\"async\" class=\" size-full wp-image-3659 alignright\" src=\"http:\/\/cgtcantabria.org\/wp\/wp-content\/uploads\/2015\/07\/ndice_7.jpg\" alt=\"ndice_7\" width=\"200\" height=\"140\" \/><\/a>La Confederaci\u00f3n General del Trabajo (CGT) no comparte el entusiasmo que hoy transmiten la mayor\u00eda de los medios espa\u00f1oles al dar cuenta de los datos recogidos en la \u00faltima Encuesta de Poblaci\u00f3n Activa (EPA) que ha facilitado en Instituto Nacional de Estad\u00edstica (INE). Seg\u00fan dicha EPA, el n\u00famero de parados habr\u00eda bajado en 295.600 en el segundo trimestre de 2015, hasta situarse en 5.149.000, lo que reducir\u00eda la tasa de paro en 1,4 puntos, dej\u00e1ndola en el 22,37 % y la colocar\u00eda en valores de mediados de 2011, mientras que el empleo aumentar\u00eda en 411.800 trabajadores, el mayor incremento seg\u00fan la versi\u00f3n oficial, desde el segundo trimestre de 2005.<\/p>\n<p style=\"text-align: justify;\">Con los datos publicados por el INE, en los \u00faltimos doce meses el empleo ha crecido en 513.500 personas, al mismo tiempo que el paro se reducir\u00eda en 473.900. Seg\u00fan la Encuesta de Poblaci\u00f3n Activa (EPA), en el conjunto de Espa\u00f1a el n\u00famero de parados disminuy\u00f3 en el segundo trimestre del a\u00f1o en 295.600 personas respecto al primer trimestre del a\u00f1o y alcanz\u00f3 la cifra de 5.149.000 personas.<\/p>\n<p style=\"text-align: justify;\">Pero lejos de significar la excelente noticia que se nos quiere transmitir (sobre todo porque se aproximan unas elecciones generales) en opini\u00f3n de la CGT la moderada ca\u00edda del paro est\u00e1 muy lejos de diagnosticar una mejor\u00eda significativa de la grave situaci\u00f3n que bien millones de familias espa\u00f1olas. Porque aunque sea cierto que hay 473.900 parados menos, debemos tener en cuenta que la gran mayor\u00eda de empleos no deber\u00edan ser considerados como tales; nos referimos a los contratos basura (tanto a los que se hacen por unos d\u00edas o incluso por horas, como los de media jornada o menos, as\u00ed como a los que tienen una retribuci\u00f3n salarial miserable).<\/p>\n<p style=\"text-align: justify;\">No podemos olvidar que todav\u00eda (seg\u00fan el propio INE) tenemos m\u00e1s de 5 millones de personas en paro (por encima del 22%), lo que representa el mayor porcentaje de la UE, ni tampoco que podr\u00edamos estar en cifras muy superiores si 600.000 j\u00f3venes universitarios y 2.000.000 de trabajadores extranjeros no hubieran abandonado el pa\u00eds ante la imposibilidad de encontrar un puesto de trabajo. Y es que hoy, tener empleo no supone salir de la pobreza. Hemos pasado \u2013sin que el coste de la vida deje de subir- del \u201cmileurismo\u201d (salarios de mil euros mensuales) a retribuciones de 700 u 800 euros, por jornadas de 8 o m\u00e1s horas de duro trabajo.<\/p>\n<p style=\"text-align: justify;\">Por otro lado, la CGT quiere llamar la atenci\u00f3n sobre la fragilidad de estas leves tendencias al alza que se producen en los \u00faltimos trimestres. Un dato a tener en cuenta es que uno de los sectores m\u00e1s din\u00e1micos de la econom\u00eda nacional, el turismo, se est\u00e1 viendo beneficiado por la inestabilidad pol\u00edtica en pa\u00edses que hace unos a\u00f1os eran directos competidores: T\u00fanez, Egipto, Grecia, Turqu\u00eda, etc. Otra consideraci\u00f3n importante es que la cercan\u00eda de las elecciones tiene la virtud de movilizar recursos econ\u00f3micos para obras p\u00fablicas, ayudas sociales y pago de atrasos al funcionariado, cuyo nada secreto objetivo es ganar votos para el partido en el poder en cada ocasi\u00f3n.<\/p>\n<p style=\"text-align: justify;\">Por \u00faltimo, la CGT denuncia la constante destrucci\u00f3n del empleo digno y aceptablemente retribuido en sectores con grandes beneficios: banca, telecomunicaciones, energ\u00eda, transportes, automoci\u00f3n, etc. La continuada presentaci\u00f3n de ERE en muchos sectores y la paulatina sustituci\u00f3n del trabajo digno por precario y subcontrataci\u00f3n en todos los ramos de la econom\u00eda es la raz\u00f3n de que el 90% de los contratos realizados sea temporal o que m\u00e1s de la mitad de los j\u00f3venes no tenga ni espere un puesto de trabajo. En definitiva, celebrar que tengamos 4 \u00f3 5 veces m\u00e1s paro que EE.UU. Europa o Jap\u00f3n, y cuando todos los organismos internacionales resaltan la mala calidad del empleo en Espa\u00f1a, por muy electoralista que resulte, desde CGT no nos parece correcto.<\/p>\n<p>Gabinete de Prensa Confederal &#8211; 23 de julio de 2015<\/p>\n<\/div>\n","protected":false},"excerpt":{"rendered":"<p>Los datos de la \u00faltima EPA s\u00f3lo reflejan mejoras parciales y muy fr\u00e1giles de las condiciones de vida de las familias trabajadoras GABINETE DE PRENSA DE LA CGT &#8211; SECRETARIADO PERMANENTE DEL COMIT\u00c9 CONFEDERAL DE LA CGT La Confederaci\u00f3n General &hellip; <a href=\"https:\/\/cgtcantabria.org\/wp\/?p=3658\">Sigue leyendo <span class=\"meta-nav\">&rarr;<\/span><\/a><\/p>\n","protected":false},"author":13,"featured_media":0,"comment_status":"open","ping_status":"open","sticky":false,"template":"","format":"gallery","meta":{"footnotes":""},"categories":[16,5],"tags":[],"class_list":["post-3658","post","type-post","status-publish","format-gallery","hentry","category-accion-social","category-comunicados","post_format-post-format-gallery"],"_links":{"self":[{"href":"https:\/\/cgtcantabria.org\/wp\/index.php?rest_route=\/wp\/v2\/posts\/3658","targetHints":{"allow":["GET"]}}],"collection":[{"href":"https:\/\/cgtcantabria.org\/wp\/index.php?rest_route=\/wp\/v2\/posts"}],"about":[{"href":"https:\/\/cgtcantabria.org\/wp\/index.php?rest_route=\/wp\/v2\/types\/post"}],"author":[{"embeddable":true,"href":"https:\/\/cgtcantabria.org\/wp\/index.php?rest_route=\/wp\/v2\/users\/13"}],"replies":[{"embeddable":true,"href":"https:\/\/cgtcantabria.org\/wp\/index.php?rest_route=%2Fwp%2Fv2%2Fcomments&post=3658"}],"version-history":[{"count":1,"href":"https:\/\/cgtcantabria.org\/wp\/index.php?rest_route=\/wp\/v2\/posts\/3658\/revisions"}],"predecessor-version":[{"id":3660,"href":"https:\/\/cgtcantabria.org\/wp\/index.php?rest_route=\/wp\/v2\/posts\/3658\/revisions\/3660"}],"wp:attachment":[{"href":"https:\/\/cgtcantabria.org\/wp\/index.php?rest_route=%2Fwp%2Fv2%2Fmedia&parent=3658"}],"wp:term":[{"taxonomy":"category","embeddable":true,"href":"https:\/\/cgtcantabria.org\/wp\/index.php?rest_route=%2Fwp%2Fv2%2Fcategories&post=3658"},{"taxonomy":"post_tag","embeddable":true,"href":"https:\/\/cgtcantabria.org\/wp\/index.php?rest_route=%2Fwp%2Fv2%2Ftags&post=3658"}],"curies":[{"name":"wp","href":"https:\/\/api.w.org\/{rel}","templated":true}]}}