{"id":3995,"date":"2015-10-21T10:22:10","date_gmt":"2015-10-21T08:22:10","guid":{"rendered":"http:\/\/cgtcantabria.org\/wp\/?p=3995"},"modified":"2015-10-20T07:19:22","modified_gmt":"2015-10-20T05:19:22","slug":"marcha-7n-contra-las-violencias-machistas","status":"publish","type":"post","link":"https:\/\/cgtcantabria.org\/wp\/?p=3995","title":{"rendered":"Marcha 7N contra las Violencias Machistas"},"content":{"rendered":"<p style=\"text-align: justify;\"><em>Diversas organizaciones de \u00e1mbito estatal est\u00e1n organizando una gran manifestaci\u00f3n en\u00a0<strong>Madrid contra las Violencias Machistas el d\u00eda 7 de noviembre<\/strong>.<\/em><\/p>\n<p style=\"text-align: justify;\"><em>Desde Cantabria, el Sindicato de los Trabajadores de la Ense\u00f1anza de Cantabria (<strong>STEC<\/strong>) y la Confederaci\u00f3n General del Trabajo (<strong>CGT<\/strong>), llevan tiempo trabajando las mismas reivindicaciones feministas y han decidido aunar esfuerzos para que nuestro territorio est\u00e9 representado en esta manifestaci\u00f3n.<\/em><\/p>\n<p style=\"text-align: justify;\"><em><strong>Los dos sindicatos han organizado un autob\u00fas para el d\u00eda 7N, con plazo de inscripci\u00f3n hasta el d\u00eda 26 de octubre y con un precio de 5\u20ac.<\/strong><\/em><\/p>\n<p><a href=\"https:\/\/www.dropbox.com\/s\/cdae3xvaukb0i23\/cgt.mp3?dl=0\">Pincha aqu\u00ed para oir noticia \u00a0en la radio<\/a><a href=\"http:\/\/cgtcantabria.org\/wp\/wp-content\/uploads\/2015\/10\/marchas-7-nov.jpg\"><img loading=\"lazy\" decoding=\"async\" class=\"wp-image-3948 alignright\" src=\"http:\/\/cgtcantabria.org\/wp\/wp-content\/uploads\/2015\/10\/marchas-7-nov-436x1024.jpg\" alt=\"marchas 7 nov\" width=\"297\" height=\"697\" srcset=\"https:\/\/cgtcantabria.org\/wp\/wp-content\/uploads\/2015\/10\/marchas-7-nov-436x1024.jpg 436w, https:\/\/cgtcantabria.org\/wp\/wp-content\/uploads\/2015\/10\/marchas-7-nov-128x300.jpg 128w, https:\/\/cgtcantabria.org\/wp\/wp-content\/uploads\/2015\/10\/marchas-7-nov.jpg 1913w\" sizes=\"auto, (max-width: 297px) 100vw, 297px\" \/><\/a><\/p>\n<p><a href=\"http:\/\/cgtcantabria.org\/wp\/wp-content\/uploads\/2015\/10\/7BUENACALIDADCASTELLANO.png\"><img loading=\"lazy\" decoding=\"async\" class=\"wp-image-3996 alignleft\" src=\"http:\/\/cgtcantabria.org\/wp\/wp-content\/uploads\/2015\/10\/7BUENACALIDADCASTELLANO-724x1024.png\" alt=\"7BUENACALIDADCASTELLANO\" width=\"292\" height=\"413\" srcset=\"https:\/\/cgtcantabria.org\/wp\/wp-content\/uploads\/2015\/10\/7BUENACALIDADCASTELLANO-724x1024.png 724w, https:\/\/cgtcantabria.org\/wp\/wp-content\/uploads\/2015\/10\/7BUENACALIDADCASTELLANO-212x300.png 212w, https:\/\/cgtcantabria.org\/wp\/wp-content\/uploads\/2015\/10\/7BUENACALIDADCASTELLANO.png 1428w\" sizes=\"auto, (max-width: 292px) 100vw, 292px\" \/><\/a><\/p>\n","protected":false},"excerpt":{"rendered":"<p>Diversas organizaciones de \u00e1mbito estatal est\u00e1n organizando una gran manifestaci\u00f3n en\u00a0Madrid contra las Violencias Machistas el d\u00eda 7 de noviembre. Desde Cantabria, el Sindicato de los Trabajadores de la Ense\u00f1anza de Cantabria (STEC) y la Confederaci\u00f3n General del Trabajo (CGT), &hellip; <a href=\"https:\/\/cgtcantabria.org\/wp\/?p=3995\">Sigue leyendo <span class=\"meta-nav\">&rarr;<\/span><\/a><\/p>\n","protected":false},"author":13,"featured_media":0,"comment_status":"open","ping_status":"open","sticky":false,"template":"","format":"gallery","meta":{"footnotes":""},"categories":[7,17],"tags":[],"class_list":["post-3995","post","type-post","status-publish","format-gallery","hentry","category-movilizaciones","category-mujer","post_format-post-format-gallery"],"_links":{"self":[{"href":"https:\/\/cgtcantabria.org\/wp\/index.php?rest_route=\/wp\/v2\/posts\/3995","targetHints":{"allow":["GET"]}}],"collection":[{"href":"https:\/\/cgtcantabria.org\/wp\/index.php?rest_route=\/wp\/v2\/posts"}],"about":[{"href":"https:\/\/cgtcantabria.org\/wp\/index.php?rest_route=\/wp\/v2\/types\/post"}],"author":[{"embeddable":true,"href":"https:\/\/cgtcantabria.org\/wp\/index.php?rest_route=\/wp\/v2\/users\/13"}],"replies":[{"embeddable":true,"href":"https:\/\/cgtcantabria.org\/wp\/index.php?rest_route=%2Fwp%2Fv2%2Fcomments&post=3995"}],"version-history":[{"count":4,"href":"https:\/\/cgtcantabria.org\/wp\/index.php?rest_route=\/wp\/v2\/posts\/3995\/revisions"}],"predecessor-version":[{"id":4000,"href":"https:\/\/cgtcantabria.org\/wp\/index.php?rest_route=\/wp\/v2\/posts\/3995\/revisions\/4000"}],"wp:attachment":[{"href":"https:\/\/cgtcantabria.org\/wp\/index.php?rest_route=%2Fwp%2Fv2%2Fmedia&parent=3995"}],"wp:term":[{"taxonomy":"category","embeddable":true,"href":"https:\/\/cgtcantabria.org\/wp\/index.php?rest_route=%2Fwp%2Fv2%2Fcategories&post=3995"},{"taxonomy":"post_tag","embeddable":true,"href":"https:\/\/cgtcantabria.org\/wp\/index.php?rest_route=%2Fwp%2Fv2%2Ftags&post=3995"}],"curies":[{"name":"wp","href":"https:\/\/api.w.org\/{rel}","templated":true}]}}