{"id":4255,"date":"2015-11-24T12:59:26","date_gmt":"2015-11-24T10:59:26","guid":{"rendered":"http:\/\/cgtcantabria.org\/wp\/?p=4255"},"modified":"2015-11-24T12:59:26","modified_gmt":"2015-11-24T10:59:26","slug":"marcha-mundial-por-el-clima-2015","status":"publish","type":"post","link":"https:\/\/cgtcantabria.org\/wp\/?p=4255","title":{"rendered":"Marcha mundial por el clima 2015"},"content":{"rendered":"<p><a href=\"http:\/\/cgtcantabria.org\/wp\/wp-content\/uploads\/2015\/11\/2015111306552460972.jpg\"><img loading=\"lazy\" decoding=\"async\" class=\"aligncenter size-large wp-image-4256\" src=\"http:\/\/cgtcantabria.org\/wp\/wp-content\/uploads\/2015\/11\/2015111306552460972-718x1024.jpg\" alt=\"2015111306552460972\" width=\"640\" height=\"913\" srcset=\"https:\/\/cgtcantabria.org\/wp\/wp-content\/uploads\/2015\/11\/2015111306552460972-718x1024.jpg 718w, https:\/\/cgtcantabria.org\/wp\/wp-content\/uploads\/2015\/11\/2015111306552460972-210x300.jpg 210w, https:\/\/cgtcantabria.org\/wp\/wp-content\/uploads\/2015\/11\/2015111306552460972.jpg 1829w\" sizes=\"auto, (max-width: 640px) 100vw, 640px\" \/><\/a><\/p>\n<p style=\"text-align: center;\"><strong>Miles de personas de cada rinc\u00f3n del mundo nos estamos organizando para tomar las calles el 29 de noviembre<\/strong><\/p>\n<p style=\"text-align: justify;\">Horas antes de la cumbre clim\u00e1tica que se celebrar\u00e1 en Par\u00eds del 30 de noviembre al 11 de diciembre, donde los gobiernos decidir\u00e1n que acuerdo sustituir\u00e1 al Protocolo de Kioto. Por el momento los compromisos presentados son insuficientes para frenar el camino al colapso ambiental al que el modelo imperante de producci\u00f3n y consumo nos est\u00e1 dirigiendo.<\/p>\n<p style=\"text-align: justify;\">Necesitamos presionar para alcanzar un acuerdo ambicioso que combata el calentamiento clim\u00e1tico.Desde Ecologistas en Acci\u00f3n queremos que quede claro que solo un cambio de modelo ser\u00e1 capaz de frenar el cambio clim\u00e1tico y que no estamos dispuestos a tolerar las falsas soluciones que buscan tan solo perpetuar un modelo injusto y profundamente desigual.<\/p>\n<p style=\"text-align: justify;\">Que nos dirija a un 2050 con pr\u00e1cticamente 0 emisiones de gases de efecto invernadero, reclamando que la mayor parte de los combustibles f\u00f3siles queden bajo el suelo, y luchando por una Justicia Clim\u00e1tica real, que ponga en el foco a aquellos que sin ser responsables del deterioro ambiental sufrir\u00e1n con mayor fuerzas sus consecuencias.<\/p>\n<p><strong>Cu\u00e1ndo: <a href=\"http:\/\/www.ecologistasenaccion.org\/article31016.html\" target=\"_blank\">Domingo 29 de noviembre de 2015<\/a><\/strong><strong><br \/>\n<\/strong><strong>Recorrido: Cibeles &#8211; Sol<\/strong><strong><br \/>\n<\/strong><strong>Qu\u00e9: Marcha Ciudadana por el Clima<\/strong> (terminar\u00e1 con un concierto de Macaco)<\/p>\n<p>&#8211; <a href=\"https:\/\/www.facebook.com\/events\/1738126179748475\/\" target=\"_blank\">\u00danete al evento Facebook<\/a><br \/>\n&#8211; <a href=\"http:\/\/www.ecologistasenaccion.org\/article31016.html#video\" target=\"_blank\">V\u00eddeo de difusi\u00f3n de Alianza por el Clima<\/a><\/p>\n","protected":false},"excerpt":{"rendered":"<p>Miles de personas de cada rinc\u00f3n del mundo nos estamos organizando para tomar las calles el 29 de noviembre Horas antes de la cumbre clim\u00e1tica que se celebrar\u00e1 en Par\u00eds del 30 de noviembre al 11 de diciembre, donde los &hellip; <a href=\"https:\/\/cgtcantabria.org\/wp\/?p=4255\">Sigue leyendo <span class=\"meta-nav\">&rarr;<\/span><\/a><\/p>\n","protected":false},"author":13,"featured_media":0,"comment_status":"open","ping_status":"open","sticky":false,"template":"","format":"gallery","meta":{"footnotes":""},"categories":[16],"tags":[],"class_list":["post-4255","post","type-post","status-publish","format-gallery","hentry","category-accion-social","post_format-post-format-gallery"],"_links":{"self":[{"href":"https:\/\/cgtcantabria.org\/wp\/index.php?rest_route=\/wp\/v2\/posts\/4255","targetHints":{"allow":["GET"]}}],"collection":[{"href":"https:\/\/cgtcantabria.org\/wp\/index.php?rest_route=\/wp\/v2\/posts"}],"about":[{"href":"https:\/\/cgtcantabria.org\/wp\/index.php?rest_route=\/wp\/v2\/types\/post"}],"author":[{"embeddable":true,"href":"https:\/\/cgtcantabria.org\/wp\/index.php?rest_route=\/wp\/v2\/users\/13"}],"replies":[{"embeddable":true,"href":"https:\/\/cgtcantabria.org\/wp\/index.php?rest_route=%2Fwp%2Fv2%2Fcomments&post=4255"}],"version-history":[{"count":3,"href":"https:\/\/cgtcantabria.org\/wp\/index.php?rest_route=\/wp\/v2\/posts\/4255\/revisions"}],"predecessor-version":[{"id":4259,"href":"https:\/\/cgtcantabria.org\/wp\/index.php?rest_route=\/wp\/v2\/posts\/4255\/revisions\/4259"}],"wp:attachment":[{"href":"https:\/\/cgtcantabria.org\/wp\/index.php?rest_route=%2Fwp%2Fv2%2Fmedia&parent=4255"}],"wp:term":[{"taxonomy":"category","embeddable":true,"href":"https:\/\/cgtcantabria.org\/wp\/index.php?rest_route=%2Fwp%2Fv2%2Fcategories&post=4255"},{"taxonomy":"post_tag","embeddable":true,"href":"https:\/\/cgtcantabria.org\/wp\/index.php?rest_route=%2Fwp%2Fv2%2Ftags&post=4255"}],"curies":[{"name":"wp","href":"https:\/\/api.w.org\/{rel}","templated":true}]}}