{"id":4260,"date":"2015-11-24T13:18:47","date_gmt":"2015-11-24T11:18:47","guid":{"rendered":"http:\/\/cgtcantabria.org\/wp\/?p=4260"},"modified":"2015-11-24T13:18:47","modified_gmt":"2015-11-24T11:18:47","slug":"proyeccion-video-ocupar-resistir-producir-vio-me-en-la-sede-de-cgt","status":"publish","type":"post","link":"https:\/\/cgtcantabria.org\/wp\/?p=4260","title":{"rendered":"Proyecci\u00f3n video \u00abOcupar, resistir, producir: Vio Me\u00bb en la sede de CGT"},"content":{"rendered":"<div>\n<p style=\"text-align: justify;\">Con motivo de la <strong>Semana Internacional de Solidaridad con la f\u00e1brica ocupada VIO ME<\/strong> CGT Cantabria ha proyectado\u00a0ayer el v\u00eddeo\u00a0\u00abOcupar, resistir, producir: Vio Me\u00bb<\/p>\n<p style=\"text-align: justify;\"><a href=\"http:\/\/cgtcantabria.org\/wp\/wp-content\/uploads\/2015\/11\/IMG-20151123-WA0002.jpg\"><img loading=\"lazy\" decoding=\"async\" class=\"aligncenter size-large wp-image-4261\" src=\"http:\/\/cgtcantabria.org\/wp\/wp-content\/uploads\/2015\/11\/IMG-20151123-WA0002-1024x575.jpg\" alt=\"IMG-20151123-WA0002\" width=\"640\" height=\"359\" srcset=\"https:\/\/cgtcantabria.org\/wp\/wp-content\/uploads\/2015\/11\/IMG-20151123-WA0002-1024x575.jpg 1024w, https:\/\/cgtcantabria.org\/wp\/wp-content\/uploads\/2015\/11\/IMG-20151123-WA0002-300x169.jpg 300w, https:\/\/cgtcantabria.org\/wp\/wp-content\/uploads\/2015\/11\/IMG-20151123-WA0002.jpg 1600w\" sizes=\"auto, (max-width: 640px) 100vw, 640px\" \/><\/a><\/p>\n<p><iframe loading=\"lazy\" src=\"https:\/\/www.youtube.com\/embed\/Vf5jWQRrIhs\" width=\"560\" height=\"315\" frameborder=\"0\" allowfullscreen=\"allowfullscreen\"><\/iframe><\/p>\n<h2 style=\"text-align: justify;\"><strong>Acciones que puedes hacer en apoyo a Vio Me<\/strong><\/h2>\n<ul>\n<li style=\"text-align: justify;\"><i>Os instamos a\u00a0<b>firmar la resoluci\u00f3n<\/b>\u00a0que encontrareis adjunta, enviando vuestros datos (nombre, colectivo, lugar) a <a href=\"mailto:protbiometal@gmail.com\" target=\"_blank\">protbiometal@gmail.com<\/a>,<\/i><\/li>\n<li style=\"text-align: justify;\"><i>Agradecemos todos los\u00a0<b>actos internacionales de solidaridad<\/b>, especialmente los que implican la acci\u00f3n directa no violenta hacia las embajadas griegas en todo el mundo.<\/i><\/li>\n<li style=\"text-align: justify;\"><i>Os instamos a\u00a0<b>organizar proyecciones<\/b>\u00a0de este documental de 30 minutos de D.Azzellini y O.Ressler, <a href=\"https:\/\/youtu.be\/Vf5jWQRrIhs\" target=\"_blank\">https:\/\/youtu.be\/Vf5jWQRrIhs<\/a> , que detalla la lucha de <span class=\"il\">VIOME<\/span> a trav\u00e9s de entrevistas y participaci\u00f3n en sus asambleas (subt\u00edtulos en espa\u00f1ol incluidos).\u00a0<a href=\"https:\/\/www.dropbox.com\/s\/t50iat08d921791\/Occupy%20Resist%20Produce%20-%20VIOME%20%28Spa%20Subs%29.mp4?dl=0\" target=\"_blank\">Aqu\u00ed pod\u00e9is descargar una copia de buena calidad<\/a>.<\/i><\/li>\n<li style=\"text-align: justify;\"><i>Pod\u00e9is enviar anuncios de vuestros eventos, y\/o fotos para publicar en el sitio web de <span class=\"il\">VIOME<\/span>, a <a href=\"mailto:protbiometal@gmail.com\" target=\"_blank\">protbiometal@gmail.com<\/a><\/i><\/li>\n<li><i>Os pedimos leer y difundir el llamamiento de los trabajadores que est\u00e1 a continuaci\u00f3n.<\/i><\/li>\n<\/ul>\n<div>\n<h2 style=\"text-align: center;\"><strong>Llamada de los trabajadores al apoyo de la lucha de <span class=\"il\" style=\"color: #000000;\">VIOME<\/span><\/strong><\/h2>\n<\/div>\n<\/div>\n<div>\n<p align=\"LEFT\"><span style=\"font-family: arial, helvetica, sans-serif;\">Queridos solidarios y solidarias,<\/span><\/p>\n<p style=\"text-align: justify;\" align=\"LEFT\"><span style=\"font-family: arial, helvetica, sans-serif;\">Queremos informaros de los \u00faltimos acontecimientos en la lucha de los trabajadores de <span class=\"il\">VIOME<\/span>.<\/span><\/p>\n<p style=\"text-align: justify;\" align=\"LEFT\"><span style=\"font-family: arial, helvetica, sans-serif;\">Como sab\u00e9is, durante 4 a\u00f1os\u00a0<\/span><span style=\"font-family: arial, helvetica, sans-serif;\"><b>hemos estado luchando por nuestra vida y dignidad<\/b><\/span><span style=\"font-family: arial, helvetica, sans-serif;\">. Nosotros, los trabajadores, hemos escogido crear alianzas sociales. Hemos rechazado propuestas hechas por varias organizaciones pol\u00edticas para tener una relaci\u00f3n \u201cexclusiva\u201d con nuestra lucha y dirigirla siguiendo unos criterios partisanos estrechos de miras. No obstante, siempre hemos aceptado todas las invitaciones para hablar y comunicar.<\/span><\/p>\n<p style=\"text-align: justify;\" align=\"LEFT\"><span style=\"font-family: arial, helvetica, sans-serif;\">Cuando amplios sectores de la sociedad decidieron estar a nuestro lado y apoyarnos con cualquier medio del que dispon\u00edan,\u00a0<b>se cre\u00f3 una gran red de solidaridad<\/b>. En consecuencia, pudimos construir relaciones de confianza a trav\u00e9s de asambleas comunes en las que una comunidad m\u00e1s amplia puede participar, donde tomamos decisiones juntos sobre el rumbo pol\u00edtico de la lucha, del mismo modo que en muchas otras cuestiones.<\/span><\/p>\n<p style=\"text-align: justify;\" align=\"LEFT\"><span style=\"font-family: arial, helvetica, sans-serif;\"><b>Muchas organizaciones pol\u00edticas\u00a0<\/b><b>han estado de acuerdo en el marco pol\u00edtico\u00a0<\/b>que nosotros, junto con la comunidad m\u00e1s amplia, hemos establecido. Hasta hoy, apoyan nuestro esfuerzo de hacer funcionar la f\u00e1brica bajo control obrero de la producci\u00f3n y autogesti\u00f3n mediante la asamblea de trabajadores.<\/span><\/p>\n<p style=\"text-align: justify;\" align=\"LEFT\"><span style=\"font-family: arial, helvetica, sans-serif;\"><b>Entre las fuerzas pol\u00edticas que apoyaron nuestra lucha estaba SYRIZA<\/b>, a trav\u00e9s de declaraciones y compromisos para una soluci\u00f3n inmediata a la cuesti\u00f3n del funcionamiento de la f\u00e1brica, hecha por el hoy primer ministro.<\/span><\/p>\n<p style=\"text-align: justify;\" align=\"LEFT\"><span style=\"font-family: arial, helvetica, sans-serif;\">Y, por supuesto,\u00a0<b>despu\u00e9s de que SYRIZA llegara al poder, las declaraciones y los compromisos se volvieron m\u00e1s y m\u00e1s vagos<\/b>. La determinaci\u00f3n que demostraron cuando estaban en la oposici\u00f3n fue reemplazada por timidez, y por propuestas para que cre\u00e1ramos compromisos en otro marco del que hab\u00edamos previamente acordado.<\/span><\/p>\n<p style=\"text-align: justify;\" align=\"LEFT\"><span style=\"font-family: arial, helvetica, sans-serif;\">Su gran \u201clogro\u201d despu\u00e9s de ocho meses en el gobierno\u00a0<b>es abandonar la lucha de <span class=\"il\">VIOME<\/span> a las maquinaciones del sistema judicial.\u00a0<\/b>El mismo sistema judicial que, a pesar de haber condenado a la due\u00f1a previa de <span class=\"il\">VIOME<\/span> Christina Filippou a docenas de meses de presi\u00f3n, le permite la libertad, supuestamente para hacer servicio comunitario en una municipalidad en la que ella posee fuertes \u201cconexiones\u201d. A d\u00eda de hoy, ella nunca ha hecho acto de presencia en el lugar en el que se supone que hace su trabajo comunitario.<\/span><\/p>\n<p style=\"text-align: justify;\" align=\"LEFT\"><span style=\"font-family: arial, helvetica, sans-serif;\">El \u201cprimer gobierno de izquierdas de todos los tiempos\u201d nos deja en manos de este sistema judicial que permite que aquellos que han abusado de y destruido la sociedad griega durante cinco a\u00f1os queden libres sin tomar ninguna acci\u00f3n par castigarles.<\/span><\/p>\n<p style=\"text-align: justify;\" align=\"LEFT\"><span style=\"font-family: arial, helvetica, sans-serif;\">La posici\u00f3n pol\u00edtica de los jueces es evidente a trav\u00e9s de las decisiones que han tomado hasta ahora:<\/span><span style=\"font-family: arial, helvetica, sans-serif;\"><b>\u00a0han ido tan lejos que hasta han dicho que no tenemos derecho leg\u00edtimo a reclamar el dinero que nos deben nuestros previos empleadores!\u00a0<\/b><\/span><span style=\"font-family: arial, helvetica, sans-serif;\">En todos nuestros intentos de reclamar nuestro dinero, ambas por la intervenci\u00f3n de la propiedad de\u00a0<\/span><span style=\"font-family: arial, helvetica, sans-serif;\">F<\/span><span style=\"font-family: arial, helvetica, sans-serif;\">ilkeram, y por la demanda de hacer\u00a0<\/span><span style=\"font-family: arial, helvetica, sans-serif;\">funcionar<\/span><span style=\"font-family: arial, helvetica, sans-serif;\">\u00a0la f\u00e1brica de nuevo, hemos recibido las mismas\u00a0<\/span><span style=\"font-family: arial, helvetica, sans-serif;\">respuestas.<\/span><\/p>\n<p style=\"text-align: justify;\" align=\"LEFT\"><span style=\"font-family: arial, helvetica, sans-serif;\">Y, por supuesto,\u00a0<b>no han tomado ninguna acci\u00f3n para hallar una soluci\u00f3n<\/b>\u00a0para el funcionamiento de la f\u00e1brica, por lo que nosotros, los trabajadores que decidimos quedarnos, podamos escapar del desempleo.<\/span><\/p>\n<p style=\"text-align: justify;\" align=\"LEFT\"><span style=\"font-family: arial, helvetica, sans-serif;\">De acuerdo con las decisiones de los juzgados, el fragmento de tierra unificado d<b>onde est\u00e1n las\u00a0<\/b><b>instalaciones de <span class=\"il\">VIOME<\/span><\/b><b>, va a ser subastada el pr\u00f3ximo J<\/b><b>ueves<\/b><b>\u00a026 de Noviembre de 2015<\/b>, y durante tres jueves consecutivos despu\u00e9s. Si no parecen compradores interesados, continuar\u00e1n con el proceso hasta que puedan vender la tierra, y en consecuencia desalojarnos de la f\u00e1brica.<\/span><\/p>\n<p style=\"text-align: justify;\" align=\"LEFT\"><span style=\"font-family: arial, helvetica, sans-serif;\">Esta tierra consiste de catorce fragmentos separados, algunos de ellos directamente o indirectamente donados por el gobierno griego al previo due\u00f1o Fillipou como reconocimiento a la contribuci\u00f3n social de la creaci\u00f3n de empleo. Ahora lo ponen a subasta para satisfacer a los acreedores de la compa\u00f1\u00eda matriz de <span class=\"il\">VIOME<\/span>, Filkeram: La Hacienda, el Servicio de Seguridad Social, los ex-trabajadores de Filkeram, bancos y proveedores.<\/span><\/p>\n<p style=\"text-align: justify;\" align=\"LEFT\"><span style=\"font-family: arial, helvetica, sans-serif;\">Las instalaciones de <span class=\"il\">VIOME<\/span> representan alrededor de 1\/7 del total de la tierra, y la \u00e1rea en la que est\u00e1<\/span><span style=\"font-family: arial, helvetica, sans-serif;\">n<\/span><span style=\"font-family: arial, helvetica, sans-serif;\">\u00a0podr\u00eda ser f\u00e1cilmente separada del resto de tierra de\u00a0<\/span><span style=\"font-family: arial, helvetica, sans-serif;\">F<\/span><span style=\"font-family: arial, helvetica, sans-serif;\">i<\/span><span style=\"font-family: arial, helvetica, sans-serif;\">l<\/span><span style=\"font-family: arial, helvetica, sans-serif;\">keram.\u00a0<\/span><span style=\"font-family: arial, helvetica, sans-serif;\"><b>Pero los trabajadores de <span class=\"il\">VIOME<\/span>\u00a0<\/b><\/span><span style=\"font-family: arial, helvetica, sans-serif;\"><b>no han sido nunca\u00a0<\/b><\/span><span style=\"font-family: arial, helvetica, sans-serif;\"><b>mencionados en los procedimientos de bancarrota,<\/b><\/span><span style=\"font-family: arial, helvetica, sans-serif;\">\u00a0aunque <span class=\"il\">VIOME<\/span> era una\u00a0<\/span><span style=\"font-family: arial, helvetica, sans-serif;\">subsidiaria<\/span><span style=\"font-family: arial, helvetica, sans-serif;\">\u00a0de\u00a0<\/span><span style=\"font-family: arial, helvetica, sans-serif;\">F<\/span><span style=\"font-family: arial, helvetica, sans-serif;\">ilkeram, llevada a la ruina por la bancarrota de a la compa\u00f1\u00eda matriz. <span class=\"il\">VIOME<\/span> ha sido\u00a0<\/span><span style=\"font-family: arial, helvetica, sans-serif;\">completamente<\/span><span style=\"font-family: arial, helvetica, sans-serif;\">\u00a0<\/span><span style=\"font-family: arial, helvetica, sans-serif;\">ignorada<\/span><span style=\"font-family: arial, helvetica, sans-serif;\">, a pesar de la mala gesti\u00f3n de la familia\u00a0<\/span><span style=\"font-family: arial, helvetica, sans-serif;\">F<\/span><span style=\"font-family: arial, helvetica, sans-serif;\">ilippou, que transfirieron fondos de <span class=\"il\">VIOME<\/span> y los\u00a0<\/span><span style=\"font-family: arial, helvetica, sans-serif;\"><b>sobrecargaron de deuda para su\u00a0<\/b><\/span><span style=\"font-family: arial, helvetica, sans-serif;\"><b>lucro<\/b><\/span><span style=\"font-family: arial, helvetica, sans-serif;\"><b>\u00a0personal<\/b><\/span><span style=\"font-family: arial, helvetica, sans-serif;\">, que ha sido en su mayor parte, la responsable de la bancarrota. Esto es un hecho\u00a0<\/span><span style=\"font-family: arial, helvetica, sans-serif;\">probado<\/span><span style=\"font-family: arial, helvetica, sans-serif;\">, ya que un estudio de la consultor\u00eda DELOIT concluy\u00f3 que hab\u00eda capacidad de funcionamiento normal para ambas compa\u00f1\u00edas.<\/span><\/p>\n<p style=\"text-align: justify;\" align=\"LEFT\"><span style=\"font-family: arial, helvetica, sans-serif;\"><b>El sistema judicial, una vez m\u00e1s, se pone al lado de las fuerzas del capital\u00a0<\/b>y dictamina contra los trabajadores que afirman su derecho al trabajo. Y por supuesto, el estado no se enfrenta al reto de dar soluciones<\/span><\/p>\n<p style=\"text-align: justify;\" align=\"LEFT\"><span style=\"font-family: arial, helvetica, sans-serif;\">Por esta raz\u00f3n, nosotros, los trabajadores de <span class=\"il\">VIOME<\/span>, o<b>s invitamos a todos vosotros, los que hab\u00e9is estado a nuestro lado durante todo este tiempo de lucha, a estar presentes el Jueves 26 en la subasta\u00a0<\/b>de la tierra, para abortar su plan de desalojarnos de la f\u00e1brica <span class=\"il\">VIOME<\/span>. Un espacio que, durante dos a\u00f1os ahora, hemos conseguido convertir en un espacio de trabajo y de libertad.<\/span><\/p>\n<p style=\"text-align: justify;\" align=\"LEFT\"><span style=\"font-family: arial, helvetica, sans-serif;\">Os invitamos a estar a nuestro lado, a apoyar cada esfuerzo de los trabajadores por\u00a0<b>hacer que las fuerzas de producci\u00f3n sean aut\u00f3nomas de la clase capitalista<\/b>, una clase que de todos modos ha deslocalizado toda la producci\u00f3n en el extranjero.<\/span><\/p>\n<p style=\"text-align: justify;\" align=\"LEFT\"><span style=\"font-family: arial, helvetica, sans-serif;\"><b>Os invitamos a apoyar el funcionamiento de la f\u00e1brica<\/b>, ya que nosotros, los trabajadores, hemos declarado que no nos vamos a ir, que nuestras vidas est\u00e1n ahora enlazadas a la f\u00e1brica.<\/span><\/p>\n<p style=\"text-align: justify;\" align=\"LEFT\"><span style=\"font-family: arial, helvetica, sans-serif;\">Os invitamos a estar a nuestro lado, para que podamos afirmar todos juntos<b>\u00a0que existe una soluci\u00f3n m\u00e1s all\u00e1 de los consejos de los \u201cexpertos\u201d<\/b>: todo este tiempo, la soluci\u00f3n ha estado entre aquellos que est\u00e1n directamente involucrados en la lucha, no los iluminados.<\/span><\/p>\n<p align=\"LEFT\"><span style=\"font-family: arial, helvetica, sans-serif;\"><b>saludos solidarios,<\/b><\/span><\/p>\n<p align=\"LEFT\"><b>La asamblea general de trabajadores de <span class=\"il\">VIOME<\/span><\/b><\/p>\n<p align=\"LEFT\"><b><br \/>\n&#8212;&#8212;&#8212;&#8212;&#8212;- <a href=\"http:\/\/www.viome.org\/p\/espanol.html\" target=\"_blank\">http:\/\/www.<span class=\"il\">viome<\/span>.org\/p\/<wbr \/>espanol.html<\/a> <\/b><\/p>\n<\/div>\n","protected":false},"excerpt":{"rendered":"<p>Con motivo de la Semana Internacional de Solidaridad con la f\u00e1brica ocupada VIO ME CGT Cantabria ha proyectado\u00a0ayer el v\u00eddeo\u00a0\u00abOcupar, resistir, producir: Vio Me\u00bb Acciones que puedes hacer en apoyo a Vio Me Os instamos a\u00a0firmar la resoluci\u00f3n\u00a0que encontrareis adjunta, &hellip; <a href=\"https:\/\/cgtcantabria.org\/wp\/?p=4260\">Sigue leyendo <span class=\"meta-nav\">&rarr;<\/span><\/a><\/p>\n","protected":false},"author":13,"featured_media":0,"comment_status":"open","ping_status":"open","sticky":false,"template":"","format":"gallery","meta":{"footnotes":""},"categories":[16,30,4],"tags":[],"class_list":["post-4260","post","type-post","status-publish","format-gallery","hentry","category-accion-social","category-fotos","category-videos","post_format-post-format-gallery"],"_links":{"self":[{"href":"https:\/\/cgtcantabria.org\/wp\/index.php?rest_route=\/wp\/v2\/posts\/4260","targetHints":{"allow":["GET"]}}],"collection":[{"href":"https:\/\/cgtcantabria.org\/wp\/index.php?rest_route=\/wp\/v2\/posts"}],"about":[{"href":"https:\/\/cgtcantabria.org\/wp\/index.php?rest_route=\/wp\/v2\/types\/post"}],"author":[{"embeddable":true,"href":"https:\/\/cgtcantabria.org\/wp\/index.php?rest_route=\/wp\/v2\/users\/13"}],"replies":[{"embeddable":true,"href":"https:\/\/cgtcantabria.org\/wp\/index.php?rest_route=%2Fwp%2Fv2%2Fcomments&post=4260"}],"version-history":[{"count":2,"href":"https:\/\/cgtcantabria.org\/wp\/index.php?rest_route=\/wp\/v2\/posts\/4260\/revisions"}],"predecessor-version":[{"id":4263,"href":"https:\/\/cgtcantabria.org\/wp\/index.php?rest_route=\/wp\/v2\/posts\/4260\/revisions\/4263"}],"wp:attachment":[{"href":"https:\/\/cgtcantabria.org\/wp\/index.php?rest_route=%2Fwp%2Fv2%2Fmedia&parent=4260"}],"wp:term":[{"taxonomy":"category","embeddable":true,"href":"https:\/\/cgtcantabria.org\/wp\/index.php?rest_route=%2Fwp%2Fv2%2Fcategories&post=4260"},{"taxonomy":"post_tag","embeddable":true,"href":"https:\/\/cgtcantabria.org\/wp\/index.php?rest_route=%2Fwp%2Fv2%2Ftags&post=4260"}],"curies":[{"name":"wp","href":"https:\/\/api.w.org\/{rel}","templated":true}]}}