{"id":4280,"date":"2015-11-26T11:57:26","date_gmt":"2015-11-26T09:57:26","guid":{"rendered":"http:\/\/cgtcantabria.org\/wp\/?p=4280"},"modified":"2015-11-26T11:57:26","modified_gmt":"2015-11-26T09:57:26","slug":"archivada-la-causa-contra-cinco-anarquistas-de-barcelona-detenidxs-en-2013","status":"publish","type":"post","link":"https:\/\/cgtcantabria.org\/wp\/?p=4280","title":{"rendered":"Archivada la causa contra cinco anarquistas de Barcelona detenidxs en 2013"},"content":{"rendered":"<p style=\"text-align: justify;\"><b>Estuvieron 123 d\u00edas en prisi\u00f3n y, ahora, el juez Santiago Pedraz ordena el archivo de la causa contra cinco anarquistas detenidos el 15 de mayo de 2013 bajo la acusaci\u00f3n de apolog\u00eda del terrorismo y tr\u00e1fico de estupefacientes. En un auto fechado a 20 de noviembre de 2015 el titular del Juzgado Central de Instrucci\u00f3n [\u2026]<\/b><\/p>\n<p style=\"text-align: justify;\"><a href=\"http:\/\/cgtcantabria.org\/wp\/wp-content\/uploads\/2015\/11\/mani5anarquistes_1_0.jpg\"><img loading=\"lazy\" decoding=\"async\" class=\"aligncenter size-full wp-image-4281\" src=\"http:\/\/cgtcantabria.org\/wp\/wp-content\/uploads\/2015\/11\/mani5anarquistes_1_0.jpg\" alt=\"mani5anarquistes_1_0\" width=\"680\" height=\"454\" srcset=\"https:\/\/cgtcantabria.org\/wp\/wp-content\/uploads\/2015\/11\/mani5anarquistes_1_0.jpg 680w, https:\/\/cgtcantabria.org\/wp\/wp-content\/uploads\/2015\/11\/mani5anarquistes_1_0-300x200.jpg 300w\" sizes=\"auto, (max-width: 680px) 100vw, 680px\" \/><\/a><\/p>\n<p style=\"text-align: justify;\">Estuvieron 123 d\u00edas en prisi\u00f3n y, ahora, el juez Santiago Pedraz ordena el archivo de la causa contra cinco anarquistas detenidos el 15 de mayo de 2013 bajo la acusaci\u00f3n de apolog\u00eda del terrorismo y tr\u00e1fico de estupefacientes.<\/p>\n<p style=\"text-align: justify;\">En un auto fechado a 20 de noviembre de 2015 el titular del Juzgado Central de Instrucci\u00f3n 1 de la Audiencia Nacional espa\u00f1ola considera que \u201cno ha quedado suficientemente acreditado la comisi\u00f3n del hecho delictivo que dio lugar a la incoaci\u00f3n de las diligencias previas\u201d .<\/p>\n<p style=\"text-align: justify;\">La operaci\u00f3n fue impulsada por la Divisi\u00f3n Central de Informaci\u00f3n de los Mossos, y supuso la entrada y registro por la fuerza, con las correspondientes destrozos, a varios domicilios -en especial a una vivienda de Avinyonet del Pened\u00e8s \u2013 y al Ateneo Libertario de Sabadell.<\/p>\n<p style=\"text-align: justify;\">Los agentes de la polic\u00eda catalana los acusaron de haber creado un grupo de Facebook desde donde se hac\u00eda supuesta apolog\u00eda de la violencia y, a ra\u00edz de ello, el poder judicial consider\u00f3 que se les pod\u00eda encausar por delitos de terrorismo .<\/p>\n<p style=\"text-align: justify;\">El verano de hace dos a\u00f1os se hicieron manifestaciones en Barcelona bajo el lema \u201cLibertad 5 anarquistas de Barcelona\u201d y \u201cLibertad Silvia, Yolanda, Juan, Xabier y Jose\u201d.<\/p>\n<p style=\"text-align: justify;\">El 16 de septiembre de 2013 quedaron en libertad, a la espera de juicio, pero durante meses han tenido que ir semanalmente a firmar en la Ciudad de la Justicia. Despu\u00e9s de pasar por numerosas c\u00e1rceles de Espa\u00f1a, incluso, en r\u00e9gimen de aislamiento, el juez considera que no hay delito.<\/p>\n<p style=\"text-align: justify;\"><a href=\"https:\/\/directa.cat\/actualitat\/jutge-arxiva-causa-contra-cinc-anarquistes-de-barcelona-que-van-passar-123-dies-preso\" target=\"_blank\" rel=\"nofollow\">https:\/\/directa.cat\/actualitat\/jutge-arxiva-causa-contra-cinc-anarquistes-de-barcelona-que-van-passar-123-dies-preso<\/a><\/p>\n","protected":false},"excerpt":{"rendered":"<p>Estuvieron 123 d\u00edas en prisi\u00f3n y, ahora, el juez Santiago Pedraz ordena el archivo de la causa contra cinco anarquistas detenidos el 15 de mayo de 2013 bajo la acusaci\u00f3n de apolog\u00eda del terrorismo y tr\u00e1fico de estupefacientes. En un &hellip; <a href=\"https:\/\/cgtcantabria.org\/wp\/?p=4280\">Sigue leyendo <span class=\"meta-nav\">&rarr;<\/span><\/a><\/p>\n","protected":false},"author":13,"featured_media":0,"comment_status":"open","ping_status":"open","sticky":false,"template":"","format":"gallery","meta":{"footnotes":""},"categories":[16],"tags":[],"class_list":["post-4280","post","type-post","status-publish","format-gallery","hentry","category-accion-social","post_format-post-format-gallery"],"_links":{"self":[{"href":"https:\/\/cgtcantabria.org\/wp\/index.php?rest_route=\/wp\/v2\/posts\/4280","targetHints":{"allow":["GET"]}}],"collection":[{"href":"https:\/\/cgtcantabria.org\/wp\/index.php?rest_route=\/wp\/v2\/posts"}],"about":[{"href":"https:\/\/cgtcantabria.org\/wp\/index.php?rest_route=\/wp\/v2\/types\/post"}],"author":[{"embeddable":true,"href":"https:\/\/cgtcantabria.org\/wp\/index.php?rest_route=\/wp\/v2\/users\/13"}],"replies":[{"embeddable":true,"href":"https:\/\/cgtcantabria.org\/wp\/index.php?rest_route=%2Fwp%2Fv2%2Fcomments&post=4280"}],"version-history":[{"count":1,"href":"https:\/\/cgtcantabria.org\/wp\/index.php?rest_route=\/wp\/v2\/posts\/4280\/revisions"}],"predecessor-version":[{"id":4282,"href":"https:\/\/cgtcantabria.org\/wp\/index.php?rest_route=\/wp\/v2\/posts\/4280\/revisions\/4282"}],"wp:attachment":[{"href":"https:\/\/cgtcantabria.org\/wp\/index.php?rest_route=%2Fwp%2Fv2%2Fmedia&parent=4280"}],"wp:term":[{"taxonomy":"category","embeddable":true,"href":"https:\/\/cgtcantabria.org\/wp\/index.php?rest_route=%2Fwp%2Fv2%2Fcategories&post=4280"},{"taxonomy":"post_tag","embeddable":true,"href":"https:\/\/cgtcantabria.org\/wp\/index.php?rest_route=%2Fwp%2Fv2%2Ftags&post=4280"}],"curies":[{"name":"wp","href":"https:\/\/api.w.org\/{rel}","templated":true}]}}