{"id":4302,"date":"2015-11-30T14:24:26","date_gmt":"2015-11-30T12:24:26","guid":{"rendered":"http:\/\/cgtcantabria.org\/wp\/?p=4302"},"modified":"2015-11-30T14:28:22","modified_gmt":"2015-11-30T12:28:22","slug":"4302","status":"publish","type":"post","link":"https:\/\/cgtcantabria.org\/wp\/?p=4302","title":{"rendered":"Firma para pedir la libertad de las personas encausadas el Parlament"},"content":{"rendered":"<p style=\"text-align: justify;\">Desde la <strong>Assemblea de Familiars de les Persones condemnades pels fets del Parlament<\/strong>, del 15 de junio del 2011, han\u00a0iniciado una recogida de <span class=\"il\">firmas<\/span> para pedir su libertad.<\/p>\n<p style=\"text-align: justify;\">Como ya sabr\u00e9is, 8 personas han sido condenadas a 3 a\u00f1os de c\u00e1rcel por el Tribunal Supremo. Estas persones, como muchas otras, aquel d\u00eda luchaban por un beneficio colectivo, no individual, luchaban contra los mayores recortes sociales de los \u00faltimos 40 a\u00f1os.<\/p>\n<p style=\"text-align: justify;\">La sentencia condenatoria del Tribunal Supremo crea jurisprudencia. Es una sentencia que se puede utilizar para amenazar a tota la disidencia, intentando paralizarla.<\/p>\n<p style=\"text-align: justify;\">Porque es una sentencia que es un castigo ejemplarizante, porque hoy son nuestras familiares y ma\u00f1ana pueden ser las vuestras, porque queremos una sociedad donde la protesta social sea un derecho y no un delito:<\/p>\n<p><strong>Os pedimos que firm\u00e9is la petici\u00f3n de libertad que\u00a0pod\u00e9is\u00a0descargar <a href=\"https:\/\/familiarsencausadesparlament.wordpress.com\/\">aqu\u00ed<\/a>.<\/strong><\/p>\n<p>Os pedimos que recoj\u00e1is las <span class=\"il\">firmas<\/span> en la hoja y las envi\u00e9is por correo ordinario.<\/p>\n<p>El env\u00edo lo deber\u00edais hacer a:<\/p>\n<p>Assemblea de Familiars,<br \/>\nEspai Obert, C\/Violant D&#8217;Hongria reina d&#8217;Arag\u00f3 n\u00famero 71, 1er piso. 08028 Barcelona.<\/p>\n<p>Nos gustar\u00eda recibir las <span class=\"il\">firmas<\/span> antes del 31 de diciembre.<\/p>\n<h2 style=\"text-align: center;\">\u00a1Muchas gracias por vuestra solidaridad!<\/h2>\n<p><a href=\"http:\/\/cgtcantabria.org\/wp\/wp-content\/uploads\/2015\/11\/logo.jpg\"><img loading=\"lazy\" decoding=\"async\" class=\"aligncenter wp-image-4303\" src=\"http:\/\/cgtcantabria.org\/wp\/wp-content\/uploads\/2015\/11\/logo.jpg\" alt=\"logo\" width=\"345\" height=\"343\" srcset=\"https:\/\/cgtcantabria.org\/wp\/wp-content\/uploads\/2015\/11\/logo.jpg 416w, https:\/\/cgtcantabria.org\/wp\/wp-content\/uploads\/2015\/11\/logo-150x150.jpg 150w\" sizes=\"auto, (max-width: 345px) 100vw, 345px\" \/><\/a><\/p>\n<div>\u200bd !\u200b<\/div>\n","protected":false},"excerpt":{"rendered":"<p>Desde la Assemblea de Familiars de les Persones condemnades pels fets del Parlament, del 15 de junio del 2011, han\u00a0iniciado una recogida de firmas para pedir su libertad. Como ya sabr\u00e9is, 8 personas han sido condenadas a 3 a\u00f1os de &hellip; <a href=\"https:\/\/cgtcantabria.org\/wp\/?p=4302\">Sigue leyendo <span class=\"meta-nav\">&rarr;<\/span><\/a><\/p>\n","protected":false},"author":13,"featured_media":0,"comment_status":"open","ping_status":"open","sticky":false,"template":"","format":"gallery","meta":{"footnotes":""},"categories":[16],"tags":[],"class_list":["post-4302","post","type-post","status-publish","format-gallery","hentry","category-accion-social","post_format-post-format-gallery"],"_links":{"self":[{"href":"https:\/\/cgtcantabria.org\/wp\/index.php?rest_route=\/wp\/v2\/posts\/4302","targetHints":{"allow":["GET"]}}],"collection":[{"href":"https:\/\/cgtcantabria.org\/wp\/index.php?rest_route=\/wp\/v2\/posts"}],"about":[{"href":"https:\/\/cgtcantabria.org\/wp\/index.php?rest_route=\/wp\/v2\/types\/post"}],"author":[{"embeddable":true,"href":"https:\/\/cgtcantabria.org\/wp\/index.php?rest_route=\/wp\/v2\/users\/13"}],"replies":[{"embeddable":true,"href":"https:\/\/cgtcantabria.org\/wp\/index.php?rest_route=%2Fwp%2Fv2%2Fcomments&post=4302"}],"version-history":[{"count":3,"href":"https:\/\/cgtcantabria.org\/wp\/index.php?rest_route=\/wp\/v2\/posts\/4302\/revisions"}],"predecessor-version":[{"id":4306,"href":"https:\/\/cgtcantabria.org\/wp\/index.php?rest_route=\/wp\/v2\/posts\/4302\/revisions\/4306"}],"wp:attachment":[{"href":"https:\/\/cgtcantabria.org\/wp\/index.php?rest_route=%2Fwp%2Fv2%2Fmedia&parent=4302"}],"wp:term":[{"taxonomy":"category","embeddable":true,"href":"https:\/\/cgtcantabria.org\/wp\/index.php?rest_route=%2Fwp%2Fv2%2Fcategories&post=4302"},{"taxonomy":"post_tag","embeddable":true,"href":"https:\/\/cgtcantabria.org\/wp\/index.php?rest_route=%2Fwp%2Fv2%2Ftags&post=4302"}],"curies":[{"name":"wp","href":"https:\/\/api.w.org\/{rel}","templated":true}]}}