{"id":4318,"date":"2015-12-01T17:00:29","date_gmt":"2015-12-01T15:00:29","guid":{"rendered":"http:\/\/cgtcantabria.org\/wp\/?p=4318"},"modified":"2015-12-01T13:01:15","modified_gmt":"2015-12-01T11:01:15","slug":"el-hotel-bauen-definitivamente-para-los-trabajadores","status":"publish","type":"post","link":"https:\/\/cgtcantabria.org\/wp\/?p=4318","title":{"rendered":"El Hotel Bauen, definitivamente para los trabajadores"},"content":{"rendered":"<p style=\"text-align: justify;\">El Congreso argentino aprob\u00f3 este jueves la expropiaci\u00f3n del Hotel Bauen y su entrega a la cooperativa de trabajadores que lo recuper\u00f3 y lo autogestiona desde 2003, a\u00f1o en que sus propietarios cerraron el negocio tras la crisis de 2001 en Argentina.<\/p>\n<p style=\"text-align: justify;\"><a href=\"http:\/\/cgtcantabria.org\/wp\/wp-content\/uploads\/2015\/12\/hotel_bauen.jpg\"><img loading=\"lazy\" decoding=\"async\" class=\"aligncenter size-full wp-image-4319\" src=\"http:\/\/cgtcantabria.org\/wp\/wp-content\/uploads\/2015\/12\/hotel_bauen.jpg\" alt=\"hotel_bauen\" width=\"960\" height=\"680\" srcset=\"https:\/\/cgtcantabria.org\/wp\/wp-content\/uploads\/2015\/12\/hotel_bauen.jpg 960w, https:\/\/cgtcantabria.org\/wp\/wp-content\/uploads\/2015\/12\/hotel_bauen-300x213.jpg 300w\" sizes=\"auto, (max-width: 960px) 100vw, 960px\" \/><\/a><\/p>\n<p style=\"text-align: justify;\">El 26 de noviembre \u2013con el boicot de asistencia de la mayor\u00eda de los parlamentarios conservadores\u2013, la C\u00e1mara de Diputados argentina <strong>aprobaba de forma un\u00e1nime la expropiaci\u00f3n del inmueble de la empresa recuperada Hotel Bauen<\/strong> por una deuda que el titular mantiene con el Estado por cr\u00e9ditos no atendidos.<\/p>\n<p style=\"text-align: justify;\">La resoluci\u00f3n incorpora, adem\u00e1s, <strong>la transferencia de propiedad de dicho edificio a la cooperativa <\/strong>de trabajo Buenos Aires Una Empresa Nacional (Bauen), la cual est\u00e1 conformada por los 130 trabajadores que desde hace 12 a\u00f1os explotan de forma cooperativa y \u201csin patr\u00f3n\u201d dicho emprendimiento hotelero.<\/p>\n<p style=\"text-align: justify;\">Con dicha expropiaci\u00f3n <strong>terminan las reiteradas amenazas de desalojo<\/strong> que a\u00f1o tras a\u00f1o se sucedieron sobre dicho inmueble, lo que hubiese significado a la postre el cierre de dicha empresa recuperada.<\/p>\n<p style=\"text-align: justify;\">Seg\u00fan el diputado Carlos Heller, impulsor de dicha resoluci\u00f3n, \u00abdesde que <strong>los trabajadores se hicieron cargo de la gesti\u00f3n del hotel abandonado por sus due\u00f1os,<\/strong> el Bauen es un \u00e1mbito donde las organizaciones populares de distintos signos, sin discriminaciones de ninguna naturaleza, tuvieron un espacio\u00bb.<\/p>\n<p style=\"text-align: justify;\">El kirchnerismo, quien gobierna en Argentina desde el 25 de mayo de 2003, permiti\u00f3 que durante a\u00f1os esta propuesta se mantuviera bloqueada en la legislatura porte\u00f1a. Sin embargo, tras la victoria de Mauricio Macri en las elecciones presidenciales del pasado 22 de noviembre, <strong>el bloque kirchnerista aprob\u00f3 un paquete de medidas <\/strong>entre las cuales destacan, adem\u00e1s de la expropiaci\u00f3n de dicho inmueble, el sistema de reparto de ganancias entre los empleados telef\u00f3nicos y las empresas, as\u00ed como las indemnizaciones para los extrabajadores de firmas privatizadas.<\/p>\n<h3 style=\"text-align: justify;\">La historia del Hotel Bauen<\/h3>\n<p style=\"text-align: justify;\">El hotel fue construido en 1978, en momentos previos al Mundial de f\u00fatbol que se realiz\u00f3 en Argentina. El presidente de la entonces empresa Bauen\u00a0S.A., Marcelo Iurcovich, era <strong>un reconocido empresario argentino con s\u00f3lidos nexos con la dictadura<\/strong> militar en el poder.<\/p>\n<p style=\"text-align: justify;\">Dicha condici\u00f3n permiti\u00f3 la financiaci\u00f3n por parte del Banco Nacional de Desarrollo (BANADE) para la construcci\u00f3n del hotel. <strong>Dicho pr\u00e9stamo nunca fue devuelto<\/strong> y es el motivo legal sobre el cual se sostiene la actual expropiaci\u00f3n.<\/p>\n<p style=\"text-align: justify;\">Esta gesti\u00f3n empresarial se desarroll\u00f3 inicialmente entre 1978 y 1997, <strong>otorgando suculentas ganancias a Iurcovich. <\/strong>Con posterioridad ser\u00eda el grupo econ\u00f3mico Solari S.A. \u2013de origen chileno\u2013 quien se apropiar\u00eda del hotel mediante una operaci\u00f3n de compra-venta.<\/p>\n<p style=\"text-align: justify;\">Solari gestionar\u00eda el hotel hasta el a\u00f1o 2001, cuando, previo concurso de acreedores, se decretar\u00eda su quiebra econ\u00f3mica el 28 de diciembre del 2001. <strong>M\u00e1s de 100 empleados quedar\u00edan entonces en la calle.<\/strong><\/p>\n<p style=\"text-align: justify;\">Sin embargo, unas pocas decenas de trabajadores <strong>llevar\u00edan a cabo el 21 de marzo de 2003 la recuperaci\u00f3n del hotel<\/strong> con el apoyo del Movimiento Nacional de Empresas Recuperadas.<\/p>\n<p style=\"text-align: justify;\">Poco a poco, los trabajadores pusieron nuevamente en marcha este emprendimiento hotelero, el cual hab\u00eda sido saqueado por dentro y carec\u00eda de gas, agua, luz e infraestructuras para el desarrollo de su actividad. Tras arduos esfuerzos de autogesti\u00f3n y solidaridad por parte de otras empresas recuperadas de Buenos Aires, <strong>a mediados del 2004 el Hotel Bauen volver\u00eda a abrir sus puertas al p\u00fablico.<\/strong><\/p>\n<p style=\"text-align: justify;\">El Bauen se convirti\u00f3 en unas de las referencias nacionales e internacionales de lo que significa <strong>una empresa \u201csin patr\u00f3n\u201d y autogestionada por sus trabajadores.<\/strong>Sus instalaciones son tambi\u00e9n de uso para actividades culturales alternativas en el centro bonaerense, democratiz\u00e1ndose as\u00ed el espacio destinado al desarrollo no empresarial de este tipo de actividades.<\/p>\n<p style=\"text-align: justify;\">Sin embargo, la lucha entre la cooperativa conformada por los trabajadores y la familia Iurcovich ha sido una constante durante todos estos a\u00f1os. <strong>Las amenazas de desalojo por parte de los juzgados argentinos han sido frecuentes,<\/strong>ignor\u00e1ndose por parte de las autoridades judiciales que el conjunto de los ingresos generados por la explotaci\u00f3n autogestionada del Hotel Bauen ha sido durante todos estos a\u00f1os reinvertida en mejorar las infraestructuras de un negocio que hab\u00eda sido abandonado por parte de sus antiguos propietarios.<\/p>\n<p style=\"text-align: justify;\">La resoluci\u00f3n del Congreso argentino pone fin a la incertidumbre que durante 12 a\u00f1os acompa\u00f1\u00f3 a los operarios del Bauen, reforz\u00e1ndose as\u00ed un espacio donde las<strong>organizaciones populares de distintos signos gozan de un lugar<\/strong> donde desarrollar sus respectivas actividades.<\/p>\n<p style=\"text-align: justify;\">Hoy, pasados 14 a\u00f1os del crack argentino, <strong>a\u00fan se mantienen m\u00e1s de 200 empresas recuperadas y autogestionadas<\/strong> por sus trabajadores. Hoy, este conjunto de empresas implicadas en la construcci\u00f3n de un modelo de gesti\u00f3n alternativo por fin sonr\u00eden\u2026<\/p>\n<p style=\"text-align: justify;\">Fuente:\u00a0<a href=\"https:\/\/www.diagonalperiodico.net\/global\/28523-hotel-bauen-definitivamente-para-trabajadores.html\">https:\/\/www.diagonalperiodico.net\/global\/28523-hotel-bauen-definitivamente-para-trabajadores.html<\/a><\/p>\n","protected":false},"excerpt":{"rendered":"<p>El Congreso argentino aprob\u00f3 este jueves la expropiaci\u00f3n del Hotel Bauen y su entrega a la cooperativa de trabajadores que lo recuper\u00f3 y lo autogestiona desde 2003, a\u00f1o en que sus propietarios cerraron el negocio tras la crisis de 2001 &hellip; <a href=\"https:\/\/cgtcantabria.org\/wp\/?p=4318\">Sigue leyendo <span class=\"meta-nav\">&rarr;<\/span><\/a><\/p>\n","protected":false},"author":13,"featured_media":0,"comment_status":"open","ping_status":"open","sticky":false,"template":"","format":"gallery","meta":{"footnotes":""},"categories":[15],"tags":[],"class_list":["post-4318","post","type-post","status-publish","format-gallery","hentry","category-accion-sindical","post_format-post-format-gallery"],"_links":{"self":[{"href":"https:\/\/cgtcantabria.org\/wp\/index.php?rest_route=\/wp\/v2\/posts\/4318","targetHints":{"allow":["GET"]}}],"collection":[{"href":"https:\/\/cgtcantabria.org\/wp\/index.php?rest_route=\/wp\/v2\/posts"}],"about":[{"href":"https:\/\/cgtcantabria.org\/wp\/index.php?rest_route=\/wp\/v2\/types\/post"}],"author":[{"embeddable":true,"href":"https:\/\/cgtcantabria.org\/wp\/index.php?rest_route=\/wp\/v2\/users\/13"}],"replies":[{"embeddable":true,"href":"https:\/\/cgtcantabria.org\/wp\/index.php?rest_route=%2Fwp%2Fv2%2Fcomments&post=4318"}],"version-history":[{"count":1,"href":"https:\/\/cgtcantabria.org\/wp\/index.php?rest_route=\/wp\/v2\/posts\/4318\/revisions"}],"predecessor-version":[{"id":4320,"href":"https:\/\/cgtcantabria.org\/wp\/index.php?rest_route=\/wp\/v2\/posts\/4318\/revisions\/4320"}],"wp:attachment":[{"href":"https:\/\/cgtcantabria.org\/wp\/index.php?rest_route=%2Fwp%2Fv2%2Fmedia&parent=4318"}],"wp:term":[{"taxonomy":"category","embeddable":true,"href":"https:\/\/cgtcantabria.org\/wp\/index.php?rest_route=%2Fwp%2Fv2%2Fcategories&post=4318"},{"taxonomy":"post_tag","embeddable":true,"href":"https:\/\/cgtcantabria.org\/wp\/index.php?rest_route=%2Fwp%2Fv2%2Ftags&post=4318"}],"curies":[{"name":"wp","href":"https:\/\/api.w.org\/{rel}","templated":true}]}}