{"id":4922,"date":"2016-03-17T10:07:56","date_gmt":"2016-03-17T08:07:56","guid":{"rendered":"http:\/\/cgtcantabria.org\/wp\/?p=4922"},"modified":"2016-03-19T12:38:50","modified_gmt":"2016-03-19T10:38:50","slug":"presentacion-del-libro-de-verso-y-piedra-la-saharaui-una-cultura-de-la-tierra-a-cargo-de-fernando-llorente","status":"publish","type":"post","link":"https:\/\/cgtcantabria.org\/wp\/?p=4922","title":{"rendered":"Presentaci\u00f3n del libro \u00abDe verso y piedra. La saharaui, una cultura de la tierra\u00bb a cargo de Fernando Llorente"},"content":{"rendered":"<h3 style=\"text-align: center;\"><strong>Jueves 17 de marzo, a las 19:30 h<\/strong><br \/>\n<strong>en\u00a0La Libre<\/strong><br \/>\n<strong>Rampa Sotileza 1, Santander<\/strong><\/h3>\n<p style=\"text-align: justify;\"><a href=\"http:\/\/cgtcantabria.org\/wp\/wp-content\/uploads\/2016\/03\/unnamed1.jpg\"><img loading=\"lazy\" decoding=\"async\" class=\"size-full wp-image-4923 alignleft\" src=\"http:\/\/cgtcantabria.org\/wp\/wp-content\/uploads\/2016\/03\/unnamed1.jpg\" alt=\"unnamed\" width=\"213\" height=\"159\" \/><\/a>Pocos han conjugado mejor S\u00e1hara y palabra que Fernando Llorente, capaz de plantar una jaima imaginaria en cualquiera de los Picos de Europa y de llenar de bruma y niebla la bad\u00eda. Un c\u00e1ntabro con coraz\u00f3n de arena.A sus libros m\u00e1s antropol\u00f3gicos, sucede ahora un libro de poemas y fotograf\u00edas.El libro, editado por los bubisheros Alouda Cantabria, es una peque\u00f1a joya, con momentos como este:<br \/>\nEn las noches de luna<br \/>\nSe compadece el cielo<br \/>\nCon los fantasmas vivos<br \/>\nQue sufren el infierno.<\/p>\n<div>\n<div>\n<div>\n<p style=\"text-align: justify;\">Si admirable es la constancia de este quijote del desierto, admirable es tambi\u00e9n la de Alouda que, como nos recuerda el propio Fernando, significa regreso, en hasan\u00eda. Porque ambos saben que, mientras llega, el \u00fanico atajo desde el coraz\u00f3n de un pueblo hasta la supervivencia es la conciencia de uno mismo: la cultura, la belleza y la verdad. Participan en la presentaci\u00f3n, adem\u00e1s de Fernando Llorente, autor del libro: Raquel Mart\u00edn (actriz), \u00c1ngel Oria y Geli Guti\u00e9rrez (cantan poemas) y Almudena Arce (Alouda).<\/p>\n<\/div>\n<\/div>\n<\/div>\n","protected":false},"excerpt":{"rendered":"<p>Jueves 17 de marzo, a las 19:30 h en\u00a0La Libre Rampa Sotileza 1, Santander Pocos han conjugado mejor S\u00e1hara y palabra que Fernando Llorente, capaz de plantar una jaima imaginaria en cualquiera de los Picos de Europa y de llenar &hellip; <a href=\"https:\/\/cgtcantabria.org\/wp\/?p=4922\">Sigue leyendo <span class=\"meta-nav\">&rarr;<\/span><\/a><\/p>\n","protected":false},"author":13,"featured_media":0,"comment_status":"open","ping_status":"open","sticky":false,"template":"","format":"gallery","meta":{"footnotes":""},"categories":[16,25],"tags":[],"class_list":["post-4922","post","type-post","status-publish","format-gallery","hentry","category-accion-social","category-internacional","post_format-post-format-gallery"],"_links":{"self":[{"href":"https:\/\/cgtcantabria.org\/wp\/index.php?rest_route=\/wp\/v2\/posts\/4922","targetHints":{"allow":["GET"]}}],"collection":[{"href":"https:\/\/cgtcantabria.org\/wp\/index.php?rest_route=\/wp\/v2\/posts"}],"about":[{"href":"https:\/\/cgtcantabria.org\/wp\/index.php?rest_route=\/wp\/v2\/types\/post"}],"author":[{"embeddable":true,"href":"https:\/\/cgtcantabria.org\/wp\/index.php?rest_route=\/wp\/v2\/users\/13"}],"replies":[{"embeddable":true,"href":"https:\/\/cgtcantabria.org\/wp\/index.php?rest_route=%2Fwp%2Fv2%2Fcomments&post=4922"}],"version-history":[{"count":3,"href":"https:\/\/cgtcantabria.org\/wp\/index.php?rest_route=\/wp\/v2\/posts\/4922\/revisions"}],"predecessor-version":[{"id":4926,"href":"https:\/\/cgtcantabria.org\/wp\/index.php?rest_route=\/wp\/v2\/posts\/4922\/revisions\/4926"}],"wp:attachment":[{"href":"https:\/\/cgtcantabria.org\/wp\/index.php?rest_route=%2Fwp%2Fv2%2Fmedia&parent=4922"}],"wp:term":[{"taxonomy":"category","embeddable":true,"href":"https:\/\/cgtcantabria.org\/wp\/index.php?rest_route=%2Fwp%2Fv2%2Fcategories&post=4922"},{"taxonomy":"post_tag","embeddable":true,"href":"https:\/\/cgtcantabria.org\/wp\/index.php?rest_route=%2Fwp%2Fv2%2Ftags&post=4922"}],"curies":[{"name":"wp","href":"https:\/\/api.w.org\/{rel}","templated":true}]}}