{"id":5791,"date":"2016-07-25T19:48:28","date_gmt":"2016-07-25T17:48:28","guid":{"rendered":"http:\/\/cgtcantabria.org\/wp\/?p=5791"},"modified":"2016-07-25T19:48:28","modified_gmt":"2016-07-25T17:48:28","slug":"nota-de-prensa-de-la-asociacion-de-vecins-antonio-cabezon-y-francisco-giner","status":"publish","type":"post","link":"https:\/\/cgtcantabria.org\/wp\/?p=5791","title":{"rendered":"NOTA DE PRENSA DE LA ASOCIACI\u00d3N DE VECIN@S ANTONIO CABEZ\u00d3N Y FRANCISCO GINER"},"content":{"rendered":"<p><strong>(Contestaci\u00f3n nota de prensa del Ayuntamiento del 23 de julio de 2016)<\/strong><\/p>\n<p style=\"text-align: justify;\">Despu\u00e9s de pedir cerca de tres meses, \u00a0a diario, el concejal\u00a0 de urbanismo del Ayuntamiento de Santander, Cesar D\u00edaz junto con la concejala de barrios y un t\u00e9cnico de vialidad, concertaron\u00a0 una cita con nuestra asociaci\u00f3n y la Asociaci\u00f3n Entrehuertas para explicar el proyecto que tienen preparado para la reforma de nuestro barrio. Le pedimos permiso para grabar la reuni\u00f3n y accedi\u00f3 a ello.<\/p>\n<p style=\"text-align: justify;\">Nos presentaron s\u00f3lo un plano del proyecto, sin especificaciones sobre la principal obra que se va a realizar en el barrio, el vial, adjuntamos plano.<\/p>\n<p style=\"text-align: justify;\"><a href=\"http:\/\/cgtcantabria.org\/wp\/wp-content\/uploads\/2016\/07\/SKMBT_C22016072110461-001.jpg\"><img loading=\"lazy\" decoding=\"async\" class=\"aligncenter size-large wp-image-5797\" src=\"http:\/\/cgtcantabria.org\/wp\/wp-content\/uploads\/2016\/07\/SKMBT_C22016072110461-001-1024x724.jpg\" alt=\"SKMBT_C22016072110461-001\" width=\"640\" height=\"453\" srcset=\"https:\/\/cgtcantabria.org\/wp\/wp-content\/uploads\/2016\/07\/SKMBT_C22016072110461-001-1024x724.jpg 1024w, https:\/\/cgtcantabria.org\/wp\/wp-content\/uploads\/2016\/07\/SKMBT_C22016072110461-001-300x212.jpg 300w\" sizes=\"auto, (max-width: 640px) 100vw, 640px\" \/><\/a><\/p>\n<p style=\"text-align: justify;\">Dicho plano est\u00e1 sin cotas en las zonas que m\u00e1s afecta a los vecinos\/as ,\u00a0 la zona B-B, donde la curva de la carretera \u201ccome\u201d literalmente el barrio y nos deja un espacio m\u00ednimo para bajar a nuestras casas, creando a su vez un muro de unos dos metros. No somos arquitectos ni ingenieros pero un visionado del vial nos hace ver que el proyecto es una aberraci\u00f3n que no soluciona la mayor preocupaci\u00f3n del concejal, el \u201cfondo de saco\u201d, ya que \u00e9l mismo reconoce que por ejemplo, los bomberos van a tener el mismo acceso a los portales\u00a0 de estas calles, pues la calle acaba en un verdadero \u201cfondo de saco\u201d, una pared. El cami\u00f3n de bomberos, por ejemplo, va a llegar al mismo sitio que ahora sin vial.<\/p>\n<p style=\"text-align: justify;\">\u00a0En marzo de 2015 la asociaci\u00f3n present\u00f3 una petici\u00f3n al departamento de prevenci\u00f3n del servicio de extinci\u00f3n de incendios, est\u00e1 registrado en el Ayuntamiento, un informe para que valorase los riesgos y\u00a0 dotaciones del barrio ante una posible emergencia, y a d\u00eda de hoy no ha habido respuesta, y el propio Cesar D\u00edaz reconoci\u00f3 no tener constancia. \u00bfPor qu\u00e9 si la preocupaci\u00f3n del concejal es la seguridad de la calle no nos ha dado respuesta a la seguridad real del barrio? Si su preocupaci\u00f3n es el Fondo de Saco, \u00bfpor qu\u00e9 se empe\u00f1a en un vial que no lo soluciona? Esto\u00a0 lo reconoce\u00a0 en la reuni\u00f3n.<\/p>\n<p style=\"text-align: justify;\">\u00a0Entonces, si no soluciona los problemas del barrio \u00bfporqu\u00e9 quiere hacer un vial que nos va a enterrar en un muro de dos metros de alto? Desde que nos reunimos con el concejal hemos estado buscando ayuda para que nos puedan explicar el plano, ya dif\u00edcil de ver sin cotas, y este es el dibujo que en estos pocos d\u00edas nos han podido hacer.<\/p>\n<p style=\"text-align: justify;\"><a href=\"http:\/\/cgtcantabria.org\/wp\/wp-content\/uploads\/2016\/07\/0001.jpg\"><img loading=\"lazy\" decoding=\"async\" class=\"aligncenter size-large wp-image-5793\" src=\"http:\/\/cgtcantabria.org\/wp\/wp-content\/uploads\/2016\/07\/0001-1024x724.jpg\" alt=\"0001\" width=\"640\" height=\"453\" srcset=\"https:\/\/cgtcantabria.org\/wp\/wp-content\/uploads\/2016\/07\/0001-1024x724.jpg 1024w, https:\/\/cgtcantabria.org\/wp\/wp-content\/uploads\/2016\/07\/0001-300x212.jpg 300w\" sizes=\"auto, (max-width: 640px) 100vw, 640px\" \/><\/a><\/p>\n<p style=\"text-align: justify;\"><a href=\"http:\/\/cgtcantabria.org\/wp\/wp-content\/uploads\/2016\/07\/0001-1.jpg\"><img loading=\"lazy\" decoding=\"async\" class=\"aligncenter size-large wp-image-5792\" src=\"http:\/\/cgtcantabria.org\/wp\/wp-content\/uploads\/2016\/07\/0001-1-1024x724.jpg\" alt=\"0001 (1)\" width=\"640\" height=\"453\" srcset=\"https:\/\/cgtcantabria.org\/wp\/wp-content\/uploads\/2016\/07\/0001-1-1024x724.jpg 1024w, https:\/\/cgtcantabria.org\/wp\/wp-content\/uploads\/2016\/07\/0001-1-300x212.jpg 300w\" sizes=\"auto, (max-width: 640px) 100vw, 640px\" \/><\/a><\/p>\n<p style=\"text-align: justify;\">La acera para dar acceso a los vecinos a los portales es de 1,80 m de ancho, con una escalera de 2 metros de bajada, y una separaci\u00f3n de 1 metro del primer portal, \u00f3sea un <strong>verdadero zulo<\/strong>. Adem\u00e1s nos surgen varias preguntas \u00bfEst\u00e1 permitido en urbanismo que las personas est\u00e9n por debajo de las carreteras y del tr\u00e1fico? \u00bfNo deber\u00eda ser al rev\u00e9s? Que las personas est\u00e9n a la altura de los veh\u00edculos o \u00bfpor encima de ellos para prevenir cualquier problema? Valoren ustedes.<\/p>\n<p style=\"text-align: justify;\">Hemos le\u00eddo en la prensa que el Ayuntamiento nos da un plazo de 15 d\u00edas para presentar propuestas a su proyecto. En la reuni\u00f3n mantenida con \u00e9l, le pedimos 2 meses y \u00e9l se\u00f1or Cesar D\u00edaz accede a dicho plazo, lo o\u00edmos todos los presentes. Si 2 meses nos parce poco para valorar el impacto, 15 d\u00edas nos parece una broma de muy mal gusto.<\/p>\n<p style=\"text-align: justify;\">El plano que nos presenta est\u00e1 sin especificar las dimensiones del vial ni su repercusi\u00f3n en un barrio ya de por s\u00ed mal comunicado, y lleno de viviendas, que por supuesto algo de lo que se olvida totalmente el concejal, es que est\u00e1 lleno de personas que no queremos vivir en un zulo.<\/p>\n<p style=\"text-align: justify;\">Entonces, si el vial no soluciona la seguridad del barrio, no soluciona el acceso a las viviendas, no soluciona los problemas de aparcamiento, no soluciona los problemas de espacios de ocio, \u00bfporqu\u00e9 hacerle? Adem\u00e1s de no dar soluciones a las peticiones de nuestra Asociaci\u00f3n crea otro problema muy importante para la habitabilidad del barrio; el vial abre la calle y con ello extiende un problema que ya tienen los vecinos del\u00a0 Rio de la Pila, el botell\u00f3n de los fines de semana que deja un rastro de basura y que convierte los alrededores en un urinario p\u00fablico incontrolado, y lo m\u00e1s importante, afecta a el descanso de los vecinos.<\/p>\n<p style=\"text-align: justify;\">La asociaci\u00f3n tiene preparado un escrito donde le pide al Ayuntamiento un plano que especifique las cotas de las zonas que m\u00e1s afectan al barrio, zona B-B y zona A-A, y una memoria explicativa de dicho plano para poder valorar el impacto del proyecto. \u00bfNos da 15 d\u00edas? \u00bfQu\u00e9 pretende que hagamos en 15 d\u00edas?<\/p>\n<p style=\"text-align: justify;\">Pedimos lo mismo de siempre, queremos participar en el proyecto. Tenemos que saber lo que va a ocurrir realmente para poder valorar lo que definitivamente va a cambiar nuestro entorno y con ello nuestras vidas. Somos personas no proyectos en abstracto, tenemos que tener tiempo para decidir qu\u00e9 queremos y c\u00f3mo lo queremos.<\/p>\n<p style=\"text-align: justify;\">\u00a0Los que aqu\u00ed viven desde ni\u00f1os saben que este barrio no ha sido una prioridad en el Ayuntamiento, no se ha invertido en el barrio nunca. Como cualquier Santanderino pagamos los impuestos, derecho tenemos en que ahora se vuelquen en nuestro barrio para devolver la aportaci\u00f3n de estos impuestos, eso s\u00ed reconociendo que tenemos opini\u00f3n y que no tiene que ser la misma del concejal.<\/p>\n<p style=\"text-align: justify;\">Si los vecinos de este barrio hemos esperado m\u00e1s de veinte a\u00f1os para que se tenga en cuenta el deterioro del barrio, y no tenemos prisa ahora no tenemos prisa \u00bfpor qu\u00e9 tiene prisa el Ayuntamiento? \u00bfQuiere que participemos?, pues eso se hace con tiempo, que no estamos decidiendo d\u00f3nde van a ir las papeleras.<\/p>\n<p>Asociaci\u00f3n de Vecin@s de Antonio Cabez\u00f3n y Francisco Giner<\/p>\n<p>Santander, 24 de julio de 2016<\/p>\n","protected":false},"excerpt":{"rendered":"<p>(Contestaci\u00f3n nota de prensa del Ayuntamiento del 23 de julio de 2016) Despu\u00e9s de pedir cerca de tres meses, \u00a0a diario, el concejal\u00a0 de urbanismo del Ayuntamiento de Santander, Cesar D\u00edaz junto con la concejala de barrios y un t\u00e9cnico &hellip; <a href=\"https:\/\/cgtcantabria.org\/wp\/?p=5791\">Sigue leyendo <span class=\"meta-nav\">&rarr;<\/span><\/a><\/p>\n","protected":false},"author":13,"featured_media":0,"comment_status":"open","ping_status":"open","sticky":false,"template":"","format":"gallery","meta":{"footnotes":""},"categories":[16],"tags":[],"class_list":["post-5791","post","type-post","status-publish","format-gallery","hentry","category-accion-social","post_format-post-format-gallery"],"_links":{"self":[{"href":"https:\/\/cgtcantabria.org\/wp\/index.php?rest_route=\/wp\/v2\/posts\/5791","targetHints":{"allow":["GET"]}}],"collection":[{"href":"https:\/\/cgtcantabria.org\/wp\/index.php?rest_route=\/wp\/v2\/posts"}],"about":[{"href":"https:\/\/cgtcantabria.org\/wp\/index.php?rest_route=\/wp\/v2\/types\/post"}],"author":[{"embeddable":true,"href":"https:\/\/cgtcantabria.org\/wp\/index.php?rest_route=\/wp\/v2\/users\/13"}],"replies":[{"embeddable":true,"href":"https:\/\/cgtcantabria.org\/wp\/index.php?rest_route=%2Fwp%2Fv2%2Fcomments&post=5791"}],"version-history":[{"count":2,"href":"https:\/\/cgtcantabria.org\/wp\/index.php?rest_route=\/wp\/v2\/posts\/5791\/revisions"}],"predecessor-version":[{"id":5799,"href":"https:\/\/cgtcantabria.org\/wp\/index.php?rest_route=\/wp\/v2\/posts\/5791\/revisions\/5799"}],"wp:attachment":[{"href":"https:\/\/cgtcantabria.org\/wp\/index.php?rest_route=%2Fwp%2Fv2%2Fmedia&parent=5791"}],"wp:term":[{"taxonomy":"category","embeddable":true,"href":"https:\/\/cgtcantabria.org\/wp\/index.php?rest_route=%2Fwp%2Fv2%2Fcategories&post=5791"},{"taxonomy":"post_tag","embeddable":true,"href":"https:\/\/cgtcantabria.org\/wp\/index.php?rest_route=%2Fwp%2Fv2%2Ftags&post=5791"}],"curies":[{"name":"wp","href":"https:\/\/api.w.org\/{rel}","templated":true}]}}